{"id":1504,"date":"2025-02-28T10:03:23","date_gmt":"2025-02-28T10:03:23","guid":{"rendered":"https:\/\/oma.skoletjenesten.no\/?p=1504"},"modified":"2025-03-05T14:58:08","modified_gmt":"2025-03-05T14:58:08","slug":"kalender-m-m","status":"publish","type":"post","link":"https:\/\/oma.skoletjenesten.no\/?p=1504","title":{"rendered":"Kalender m.m."},"content":{"rendered":"\n<p>Dagens dato er den 28., og siden det er februar, er dette siste dag i m\u00e5neden. I fjor, som var skudd\u00e5r, hadde februar 29 dager, og m\u00e5neden har hatt s\u00e5 mye som 30 dager, bl. a. i Sovjetunionen p\u00e5 begynnelsen av 1930-tallet. Da skulle alt v\u00e6re likt, ogs\u00e5 antallet dager i m\u00e5nedene, og det ble fastsatt til 30. De overskytende dagene sammenliknet med et helt astronomisk \u00e5r (365 dager, 366 i skudd\u00e5r) var fridager som ikke var knyttet til noen bestemt m\u00e5ned.<\/p>\n\n\n\n<p>Grunnen til at februar er den eventuelle skudd\u00e5rsm\u00e5neden, er at den var siste m\u00e5ned i den julianske kalenderen. Det er fordi mars var \u00e5rets f\u00f8rste m\u00e5ned at vi har m\u00e5nedsnavnene september, oktober, november og desember, fra latinske former for 7, 8, 9 og 10.<\/p>\n\n\n\n<p>I forbindelse med kalender kan man konstatere at det ikke bare er president Donald i Sambandsstatene som er selvopptatt. Julius C\u00e6sar, den romerske keiseren som den julianske kalenderen har navn etter, ga m\u00e5neden juli navn etter seg. Keiser Augustus, som etterfulgte C\u00e6sar, s\u00f8rget for at m\u00e5neden august fikk like mange dager som juli \u2013 han ville ikke v\u00e6re d\u00e5rligere enn forgjengeren.<\/p>\n\n\n\n<p>28. februar 1986 er en dato mange husker, eller de husker i hvert fall hva som hendte p\u00e5 den datoen: Sveriges statsminister Olof Palme ble skutt og drept. <a href=\"https:\/\/www.dagsavisen.no\/nyheter\/verden\/2020\/06\/10\/sverige-kan-ha-fatt-svar-pa-hvem-som-drepte-olof-palme\/\" data-type=\"link\" data-id=\"https:\/\/www.dagsavisen.no\/nyheter\/verden\/2020\/06\/10\/sverige-kan-ha-fatt-svar-pa-hvem-som-drepte-olof-palme\/\" target=\"_blank\" rel=\"noreferrer noopener\">Fortsatt er ingen d\u00f8mt for drapet<\/a>.<\/p>\n\n\n\n<p id=\"Lichtenstein---Nei-til-kvinnestemmer\">P\u00e5 dagens dato i 1971 var det folkeavstemning i Liechtenstein. Man kunne si ja eller nei til stemmerett for kvinner. Flertallet av mennene \u2013 det var de som hadde stemmerett \u2013 sa nei. Dette var samme \u00e5r som flertallet i en tilsvarende folkeavstemning i Sveits sa ja.<\/p>\n\n\n\n<p>Den danske jazzfiolinisten Sven Asmussen (1916-2014) ble f\u00f8dt p\u00e5 dagens dato i 1916. Han hadde mange opptredener sammen med Ulrik Neumann. Her er en av dem, der de viser at de ikke bare var musikere, men ogs\u00e5 gj\u00f8glere.<\/p>\n\n\n\n<figure class=\"wp-block-image size-full\"><a href=\"https:\/\/www.youtube.com\/watch?v=wQM8Dnwb0dk \" target=\"_blank\" rel=\" noreferrer noopener\"><img loading=\"lazy\" decoding=\"async\" width=\"629\" height=\"482\" src=\"https:\/\/oma.skoletjenesten.no\/wp-content\/uploads\/2025\/02\/SvendAsmussen-UlrikNeumann.jpg\" alt=\"\" class=\"wp-image-1505\" srcset=\"https:\/\/oma.skoletjenesten.no\/wp-content\/uploads\/2025\/02\/SvendAsmussen-UlrikNeumann.jpg 629w, https:\/\/oma.skoletjenesten.no\/wp-content\/uploads\/2025\/02\/SvendAsmussen-UlrikNeumann-300x230.jpg 300w\" sizes=\"auto, (max-width: 629px) 100vw, 629px\" \/><\/a><figcaption class=\"wp-element-caption\">Klikk for \u00e5 h\u00f8re Sven Asmussen og Ulrik Neumann (etter en innledning p\u00e5 nederlandsk).<\/figcaption><\/figure>\n\n\n\n<div style=\"height:100px\" aria-hidden=\"true\" class=\"wp-block-spacer\"><\/div>\n\n\n\n<hr class=\"wp-block-separator has-alpha-channel-opacity\"\/>\n\n\n\n<p class=\"has-text-align-center\"><em><a href=\"https:\/\/oma.skoletjenesten.no\/?p=1502\">Til innholdsliste for denne utgaven<\/a><\/em><\/p>\n\n\n\n<p><\/p>\n","protected":false},"excerpt":{"rendered":"<p>Dagens dato er den 28., og siden det er februar, er dette siste dag i m\u00e5neden. I fjor, som var skudd\u00e5r, hadde februar 29 dager, og m\u00e5neden har hatt s\u00e5 mye som 30 dager, bl. a. i Sovjetunionen p\u00e5 begynnelsen av 1930-tallet. Da skulle alt v\u00e6re likt, ogs\u00e5 antallet dager i m\u00e5nedene, og det ble&hellip; <a class=\"more-link\" href=\"https:\/\/oma.skoletjenesten.no\/?p=1504\">Fortsett \u00e5 lese <span class=\"screen-reader-text\">Kalender m.m.<\/span><\/a><\/p>\n","protected":false},"author":1,"featured_media":0,"comment_status":"open","ping_status":"open","sticky":false,"template":"","format":"standard","meta":{"footnotes":""},"categories":[1],"tags":[],"class_list":["post-1504","post","type-post","status-publish","format-standard","hentry","category-uncategorized","entry"],"_links":{"self":[{"href":"https:\/\/oma.skoletjenesten.no\/index.php?rest_route=\/wp\/v2\/posts\/1504","targetHints":{"allow":["GET"]}}],"collection":[{"href":"https:\/\/oma.skoletjenesten.no\/index.php?rest_route=\/wp\/v2\/posts"}],"about":[{"href":"https:\/\/oma.skoletjenesten.no\/index.php?rest_route=\/wp\/v2\/types\/post"}],"author":[{"embeddable":true,"href":"https:\/\/oma.skoletjenesten.no\/index.php?rest_route=\/wp\/v2\/users\/1"}],"replies":[{"embeddable":true,"href":"https:\/\/oma.skoletjenesten.no\/index.php?rest_route=%2Fwp%2Fv2%2Fcomments&post=1504"}],"version-history":[{"count":6,"href":"https:\/\/oma.skoletjenesten.no\/index.php?rest_route=\/wp\/v2\/posts\/1504\/revisions"}],"predecessor-version":[{"id":1557,"href":"https:\/\/oma.skoletjenesten.no\/index.php?rest_route=\/wp\/v2\/posts\/1504\/revisions\/1557"}],"wp:attachment":[{"href":"https:\/\/oma.skoletjenesten.no\/index.php?rest_route=%2Fwp%2Fv2%2Fmedia&parent=1504"}],"wp:term":[{"taxonomy":"category","embeddable":true,"href":"https:\/\/oma.skoletjenesten.no\/index.php?rest_route=%2Fwp%2Fv2%2Fcategories&post=1504"},{"taxonomy":"post_tag","embeddable":true,"href":"https:\/\/oma.skoletjenesten.no\/index.php?rest_route=%2Fwp%2Fv2%2Ftags&post=1504"}],"curies":[{"name":"wp","href":"https:\/\/api.w.org\/{rel}","templated":true}]}}