{"id":1464,"date":"2025-02-21T10:00:44","date_gmt":"2025-02-21T10:00:44","guid":{"rendered":"https:\/\/oma.skoletjenesten.no\/?p=1464"},"modified":"2025-02-24T09:25:17","modified_gmt":"2025-02-24T09:25:17","slug":"virtuell-virkelighet-8-25","status":"publish","type":"post","link":"https:\/\/oma.skoletjenesten.no\/?p=1464","title":{"rendered":"Virtuell virkelighet 8\/25"},"content":{"rendered":"\n<p><small>Denne spalten het tidligere <em>Alternative fakta<\/em>, som fortsatt er kategori-betegnelsen. I<em> Alternative fakta<\/em> l\u00e5 vekten ofte mer p\u00e5 det alternative enn p\u00e5 fakta. Her i <em>Virtuell virkelighet<\/em> kan vekten&nbsp; ligge mer p\u00e5 det virtuelle enn p\u00e5 virkeligheten.<\/small><\/p>\n\n\n\n<p><small>Navneskiftet ble forklart i <a href=\"http:\/\/ttt.skoletjenesten.no\/alternative-fakta-3-21\/\" target=\"_blank\" rel=\"noreferrer noopener\">siste utgave av Alternative fakta 15. januar 2021<\/a>.<\/small><\/p>\n\n\n\n<hr class=\"wp-block-separator has-alpha-channel-opacity\"\/>\n\n\n\n<p><strong><em>Vv 1: Inkurie.<\/em><\/strong> Nok en gang har et innlegg ikke blitt publisert til riktig tid. De som for to uker siden gikk glipp av innlegget <em>Mastricht m.m.<\/em> p\u00e5 grunn av bloggerens un\u00f8yaktighet (en inkurie!), kan f\u00f8lge <a href=\"https:\/\/oma.skoletjenesten.no\/?p=1365\" data-type=\"link\" data-id=\"https:\/\/oma.skoletjenesten.no\/?p=1365\" target=\"_blank\" rel=\"noreferrer noopener\">denne lenken<\/a> (det kan alle andre ogs\u00e5).<\/p>\n\n\n\n<p><a href=\"mailto:ttt@skoletjenesten.no?cc=&amp;bcc=&amp;subject=Vv%201\/08&amp;amptarget=\"><em>Kommenter denne notisen<\/em><\/a><\/p>\n\n\n\n<p class=\"has-text-align-center\">\u058e\u058e\u058e<\/p>\n\n\n\n<figure class=\"wp-block-video alignright\"><video height=\"730\" style=\"aspect-ratio: 1330 \/ 730;\" width=\"1330\" controls src=\"https:\/\/oma.skoletjenesten.no\/wp-content\/uploads\/2025\/02\/20_USA-og-USA.mp4\"><\/video><figcaption class=\"wp-element-caption\">Kjerstin Braathen i NRK Dagsrevyen 20. januar 2025.<\/figcaption><\/figure>\n\n\n\n<p><strong><em>Vv 2: Davos.<\/em><\/strong> Det \u00f8konomiske toppm\u00f8tet i Davos foregikk samtidig som presidentinnsettelsen i Sambandsstatene. Konsernsjef Kjerstin Braathen Den dorske Bank var i Davos. Der har hun \u00e5penbart f\u00e5tt med seg den nye presidentens slagord \u00abAmerica first\u00bb \u2013 som vist i intervjuklippet her.<\/p>\n\n\n\n<p><a href=\"mailto:ttt@skoletjenesten.no?cc=&amp;bcc=&amp;subject=Vv%202\/08&amp;amptarget=\"><em>Kommenter denne notisen<\/em><\/a><\/p>\n\n\n\n<p class=\"has-text-align-center\">\u058e\u058e\u058e<\/p>\n\n\n\n<p><strong><em>Vv 3: Taxi-lyrikk.<\/em><\/strong> Ukens blogginnlegg <a href=\"https:\/\/oma.skoletjenesten.no\/?p=1455\" target=\"_blank\" rel=\"noreferrer noopener\">Taxitr\u00f8bbel<\/a> handler bl.a. om drosjesj\u00e5f\u00f8rer. Men bloggeren vil ikke uten videre trekke noen parallell til tredje strofe i Harald Sverdrups tekst <em><a href=\"https:\/\/oma.skoletjenesten.no\/?page_id=1461\" data-type=\"link\" data-id=\"https:\/\/oma.skoletjenesten.no\/?page_id=1461\" target=\"_blank\" rel=\"noreferrer noopener\">\u00d8velser i hjemlig diskriminering<\/a><\/em>.<\/p>\n\n\n\n<p><a href=\"mailto:ttt@skoletjenesten.no?cc=&amp;bcc=&amp;subject=Vv%203\/08&amp;amptarget=\"><em>Kommenter denne notisen<\/em><\/a><\/p>\n\n\n\n<p class=\"has-text-align-center\">\u058e\u058e\u058e<\/p>\n\n\n<div class=\"wp-block-image is-style-twentytwentyone-border\">\n<figure class=\"alignright size-full\"><a href=\"https:\/\/oma.skoletjenesten.no\/wp-content\/uploads\/2025\/02\/40_Gelsenkirchen_Opera-Bilde_2025-02-18_104329_www.google.jpg\" target=\"_blank\" rel=\" noreferrer noopener\"><img loading=\"lazy\" decoding=\"async\" width=\"816\" height=\"515\" src=\"https:\/\/oma.skoletjenesten.no\/wp-content\/uploads\/2025\/02\/40_Gelsenkirchen_Opera-Bilde_2025-02-18_104329_www.google.jpg\" alt=\"\" class=\"wp-image-1471\" srcset=\"https:\/\/oma.skoletjenesten.no\/wp-content\/uploads\/2025\/02\/40_Gelsenkirchen_Opera-Bilde_2025-02-18_104329_www.google.jpg 816w, https:\/\/oma.skoletjenesten.no\/wp-content\/uploads\/2025\/02\/40_Gelsenkirchen_Opera-Bilde_2025-02-18_104329_www.google-300x189.jpg 300w, https:\/\/oma.skoletjenesten.no\/wp-content\/uploads\/2025\/02\/40_Gelsenkirchen_Opera-Bilde_2025-02-18_104329_www.google-768x485.jpg 768w\" sizes=\"auto, (max-width: 816px) 100vw, 816px\" \/><\/a><figcaption class=\"wp-element-caption\">Gelsenkirchen. Klikk for st\u00f8rre bilde.<\/figcaption><\/figure>\n<\/div>\n\n\n<p><strong><em>Vv 4: kje-lyd.<\/em><\/strong> Har ikke tyskerne f\u00e5tt med seg at at uttalen n\u00e5 er <em>sjino<\/em> og <em>sj\u00f8kken<\/em>? Neida, de holder p\u00e5 gammeldagse stedsnavn som <em>M\u00fcnchen<\/em>, som vi selvsagt uttaler \/Mynsjen\/ \u2013 eller helst \/munsjen\/. For ikke \u00e5 snakke om et h\u00e5pl\u00f8st navn som <em>Gelsenkirchen<\/em>:<\/p>\n\n\n\n<figure class=\"wp-block-audio\"><audio controls src=\"https:\/\/oma.skoletjenesten.no\/wp-content\/uploads\/2025\/02\/40_Gelsenkirchen.wav\"><\/audio><\/figure>\n\n\n\n<p><a href=\"mailto:ttt@skoletjenesten.no?cc=&amp;bcc=&amp;subject=Vv%204\/08&amp;amptarget=\"><em>Kommenter denne notisen<\/em><\/a><\/p>\n\n\n\n<p class=\"has-text-align-center\">\u058e\u058e\u058e<\/p>\n\n\n\n<p><strong><em>Vv 5: S-lyder.<\/em><\/strong> Apropos tysk uttale (forrige post, Vv4): Bloggeren minnes at hans mor ble vilt begeistret over tittelen p\u00e5 et fiolinstykke bloggeren skulle \u00f8ve p\u00e5. Det het <em>Altfranz\u00f6sisches Lied<\/em>, og det f\u00f8rste ordet inneholdt alle s-lydene i det tyske spr\u00e5ket, kunne mor fortelle.<\/p>\n\n\n\n<p><a href=\"mailto:ttt@skoletjenesten.no?cc=&amp;bcc=&amp;subject=Vv%205\/08&amp;amptarget=\"><em>Kommenter denne notisen<\/em><\/a><\/p>\n\n\n\n<p class=\"has-text-align-center\">\u058e\u058e\u058e<\/p>\n\n\n\n<p><strong><em>Vv 6: Gass.<\/em><\/strong> Den skattefinansierte mediekanalen NRK melder at b\u00e5de bilprodusenten og biltilsynet har kommet frem til at det var noe med <em>gasspedalen<\/em> p\u00e5 elbilen som kj\u00f8rte gjennom veggen i Sandvika storsenters parkeringshus. Bloggeren trodde at poenget med elbiler var at man skulle unng\u00e5 nettopp gass.<\/p>\n\n\n\n<p><a href=\"mailto:ttt@skoletjenesten.no?cc=&amp;bcc=&amp;subject=Vv%206\/08&amp;amptarget=\"><em>Kommenter denne notisen<\/em><\/a><\/p>\n\n\n\n<p class=\"has-text-align-center\">\u058e\u058e\u058e<\/p>\n\n\n<div class=\"wp-block-image is-style-twentytwentyone-border\">\n<figure class=\"alignright size-full\"><a href=\"http:\/\/oma.skoletjenesten.no\/wp-content\/uploads\/2025\/02\/60_Gatebilledet---Pensemannen_Aftenposten%2021.%20februar%201925.pdf\" target=\"_blank\" rel=\" noreferrer noopener\"><img loading=\"lazy\" decoding=\"async\" width=\"540\" height=\"639\" src=\"https:\/\/oma.skoletjenesten.no\/wp-content\/uploads\/2025\/02\/60_Gatebilledet-Pensemanden_Opera-Bilde_2025-02-20_120724_60_Gatebilledet-Pensemannen_Aftenposten20februar201925.pdf.png\" alt=\"\" class=\"wp-image-1469\" srcset=\"https:\/\/oma.skoletjenesten.no\/wp-content\/uploads\/2025\/02\/60_Gatebilledet-Pensemanden_Opera-Bilde_2025-02-20_120724_60_Gatebilledet-Pensemannen_Aftenposten20februar201925.pdf.png 540w, https:\/\/oma.skoletjenesten.no\/wp-content\/uploads\/2025\/02\/60_Gatebilledet-Pensemanden_Opera-Bilde_2025-02-20_120724_60_Gatebilledet-Pensemannen_Aftenposten20februar201925.pdf-254x300.png 254w\" sizes=\"auto, (max-width: 540px) 100vw, 540px\" \/><\/a><figcaption class=\"wp-element-caption\">Aftenposten 21. februar 1925. Klikk for \u00e5 lese.<\/figcaption><\/figure>\n<\/div>\n\n\n<p><strong><em>Vv 7: Trikk.<\/em><\/strong> En som neppe unngikk gass (se forrige notis, Vv6), var nok \u00abpensemannen\u00bb, som Aftenposten omtalte for hundre \u00e5r siden. Trikke-interesserte vil nok glede seg over avisnotisen ved siden av.<\/p>\n\n\n\n<p>.<\/p>\n\n\n\n<p>.<\/p>\n\n\n\n<p><a href=\"mailto:ttt@skoletjenesten.no?cc=&amp;bcc=&amp;subject=Vv%208\/08&amp;amptarget=\"><em>Kommenter denne notisen<\/em><\/a><\/p>\n\n\n\n<p class=\"has-text-align-center\">\u058e\u058e\u058e<\/p>\n\n\n<div class=\"wp-block-image is-style-twentytwentyone-border\">\n<figure class=\"alignright size-full\"><a href=\"http:\/\/oma.skoletjenesten.no\/wp-content\/uploads\/2025\/02\/80_Vinsamlag_1925-02-23_Budstikka_23-02-1925_print.pdf\" target=\"_blank\" rel=\" noreferrer noopener\"><img loading=\"lazy\" decoding=\"async\" width=\"575\" height=\"813\" src=\"https:\/\/oma.skoletjenesten.no\/wp-content\/uploads\/2025\/02\/80_Vinsamlag_1925-02-23_Budstikka_23-02-1925_print.pdf.png\" alt=\"\" class=\"wp-image-1470\" srcset=\"https:\/\/oma.skoletjenesten.no\/wp-content\/uploads\/2025\/02\/80_Vinsamlag_1925-02-23_Budstikka_23-02-1925_print.pdf.png 575w, https:\/\/oma.skoletjenesten.no\/wp-content\/uploads\/2025\/02\/80_Vinsamlag_1925-02-23_Budstikka_23-02-1925_print.pdf-212x300.png 212w\" sizes=\"auto, (max-width: 575px) 100vw, 575px\" \/><\/a><figcaption class=\"wp-element-caption\">Asker og \u00e6rums Budstikke 23. februar 1925. Klikk for \u00e5 lese.<\/figcaption><\/figure>\n<\/div>\n\n\n<p><strong><em>Vv 8: Overskudd.<\/em><\/strong> B\u00e6rums \u00f8l- og vinsamlag hadde for 100 \u00e5r siden et overskudd p\u00e5 kr 79341,73. Det fremg\u00e5r av Asker og B\u00e6rums Budstikke at formann for samlaget p\u00e5 den tiden var han som kj\u00f8pte den ene av de to villaene p\u00e5 Langset (bloggens hovedkvarter), fabrikkbestyrer Thv. Wed\u00e9n. En del av overskuddet kom nok fra utsalget i <a href=\"https:\/\/ttt.skoletjenesten.no\/stadegardens-stadier\/\" target=\"_blank\" rel=\"noreferrer noopener\">St\u00e4deg\u00e5rden<\/a> i Sandvika.<\/p>\n\n\n\n<p><a href=\"mailto:ttt@skoletjenesten.no?cc=&amp;bcc=&amp;subject=Vv%207\/08&amp;amptarget=\"><em>Kommenter denne notisen<\/em><\/a><\/p>\n\n\n\n<div style=\"height:100px\" aria-hidden=\"true\" class=\"wp-block-spacer\"><\/div>\n\n\n\n<p class=\"has-text-align-center\"><\/p>\n\n\n\n<hr class=\"wp-block-separator has-alpha-channel-opacity\"\/>\n\n\n\n<p class=\"has-text-align-center\"><em><a href=\"https:\/\/oma.skoletjenesten.no\/?p=1474\">Til innholdsliste for denne utgaven<\/a><\/em><\/p>\n\n\n\n<p><\/p>\n","protected":false},"excerpt":{"rendered":"<p>Denne spalten het tidligere Alternative fakta, som fortsatt er kategori-betegnelsen. I Alternative fakta l\u00e5 vekten ofte mer p\u00e5 det alternative enn p\u00e5 fakta. Her i Virtuell virkelighet kan vekten&nbsp; ligge mer p\u00e5 det virtuelle enn p\u00e5 virkeligheten. Navneskiftet ble forklart i siste utgave av Alternative fakta 15. januar 2021. Vv 1: Inkurie. Nok en gang&hellip; <a class=\"more-link\" href=\"https:\/\/oma.skoletjenesten.no\/?p=1464\">Fortsett \u00e5 lese <span class=\"screen-reader-text\">Virtuell virkelighet 8\/25<\/span><\/a><\/p>\n","protected":false},"author":1,"featured_media":0,"comment_status":"open","ping_status":"open","sticky":false,"template":"","format":"standard","meta":{"footnotes":""},"categories":[11],"tags":[],"class_list":["post-1464","post","type-post","status-publish","format-standard","hentry","category-alternative-fakta","entry"],"_links":{"self":[{"href":"https:\/\/oma.skoletjenesten.no\/index.php?rest_route=\/wp\/v2\/posts\/1464","targetHints":{"allow":["GET"]}}],"collection":[{"href":"https:\/\/oma.skoletjenesten.no\/index.php?rest_route=\/wp\/v2\/posts"}],"about":[{"href":"https:\/\/oma.skoletjenesten.no\/index.php?rest_route=\/wp\/v2\/types\/post"}],"author":[{"embeddable":true,"href":"https:\/\/oma.skoletjenesten.no\/index.php?rest_route=\/wp\/v2\/users\/1"}],"replies":[{"embeddable":true,"href":"https:\/\/oma.skoletjenesten.no\/index.php?rest_route=%2Fwp%2Fv2%2Fcomments&post=1464"}],"version-history":[{"count":9,"href":"https:\/\/oma.skoletjenesten.no\/index.php?rest_route=\/wp\/v2\/posts\/1464\/revisions"}],"predecessor-version":[{"id":1500,"href":"https:\/\/oma.skoletjenesten.no\/index.php?rest_route=\/wp\/v2\/posts\/1464\/revisions\/1500"}],"wp:attachment":[{"href":"https:\/\/oma.skoletjenesten.no\/index.php?rest_route=%2Fwp%2Fv2%2Fmedia&parent=1464"}],"wp:term":[{"taxonomy":"category","embeddable":true,"href":"https:\/\/oma.skoletjenesten.no\/index.php?rest_route=%2Fwp%2Fv2%2Fcategories&post=1464"},{"taxonomy":"post_tag","embeddable":true,"href":"https:\/\/oma.skoletjenesten.no\/index.php?rest_route=%2Fwp%2Fv2%2Ftags&post=1464"}],"curies":[{"name":"wp","href":"https:\/\/api.w.org\/{rel}","templated":true}]}}