{"id":1438,"date":"2025-02-14T10:02:30","date_gmt":"2025-02-14T10:02:30","guid":{"rendered":"https:\/\/oma.skoletjenesten.no\/?p=1438"},"modified":"2025-02-15T11:58:52","modified_gmt":"2025-02-15T11:58:52","slug":"valentinsdag-og-jubelar","status":"publish","type":"post","link":"https:\/\/oma.skoletjenesten.no\/?p=1438","title":{"rendered":"Valentinsdag og jubel\u00e5r"},"content":{"rendered":"\n<p>Noen av denne bloggens lesere er kanskje s\u00e5 unge at de har et forhold til Valentinsdagen, som er i dag (de unge kjenner den kanskje bare som Valentine&#8217;s Day). S\u00e5 ung er ikke jeg, men jeg kjenner til den moderne varianten av dagen. Som kirkelig festdag for St. Valentin ble den imidlertid avskaffet i 1969. 14. februar er n\u00e5 festdag i den katolske kirken for den hellige Kyrillos og den hellige Methodios. De er vernehelgener for Europa.<\/p>\n\n\n\n<p>Det var ikke akkurat Valentinskort som falt over den tyske byen <a href=\"https:\/\/no.wikipedia.org\/wiki\/Bombingen_av_Dresden\" data-type=\"link\" data-id=\"https:\/\/no.wikipedia.org\/wiki\/Bombingen_av_Dresden\" target=\"_blank\" rel=\"noreferrer noopener\">Dresden<\/a> p\u00e5 dagens dato i 1945. Det var heller ikke mye kj\u00e6rlighet i ayatolla Khomeinis <a href=\"https:\/\/naob.no\/ordbok\/fatwa\" data-type=\"link\" data-id=\"https:\/\/naob.no\/ordbok\/fatwa\" target=\"_blank\" rel=\"noreferrer noopener\">fatwa<\/a> mot forfatteren Salman Rushdie i 1980 (som kjent p\u00e5g\u00e5r n\u00e5 rettssaken mot en som pr\u00f8vde \u00e5 gjennomf\u00f8re fatwaen for et par \u00e5r siden). De som lurer p\u00e5 hvorfor \u00abgode nordmenn\u00bb under krigen ble kalt \u00abj\u00f8ssinger\u00bb, kan lese hva Store norske leksikon forteller om <a href=\"https:\/\/snl.no\/Altmark-saken\" data-type=\"link\" data-id=\"https:\/\/snl.no\/Altmark-saken\" target=\"_blank\" rel=\"noreferrer noopener\">Altmark-aff\u00e6ren<\/a> som skjedde for 85 \u00e5r siden.<\/p>\n\n\n\n<p>Men tilbake til den katolske kirken: 2025 er et jubel\u00e5r (delelig med 25). \u00c5ret har f\u00e5tt sin offisielle hymne, som avslutter dette innlegget.<\/p>\n\n\n\n<figure class=\"wp-block-embed is-type-video is-provider-youtube wp-block-embed-youtube wp-embed-aspect-16-9 wp-has-aspect-ratio\"><div class=\"wp-block-embed__wrapper\">\n<iframe loading=\"lazy\" title=\"Official Hymn for the 2025 Jubilee - &quot;Pilgrims of Hope&quot;\" width=\"750\" height=\"422\" src=\"https:\/\/www.youtube.com\/embed\/b6xoPAInr_8?feature=oembed\" frameborder=\"0\" allow=\"accelerometer; autoplay; clipboard-write; encrypted-media; gyroscope; picture-in-picture; web-share\" referrerpolicy=\"strict-origin-when-cross-origin\" allowfullscreen><\/iframe>\n<\/div><\/figure>\n\n\n\n<div style=\"height:100px\" aria-hidden=\"true\" class=\"wp-block-spacer\"><\/div>\n\n\n\n<hr class=\"wp-block-separator has-alpha-channel-opacity\"\/>\n\n\n\n<p class=\"has-text-align-center\"><em><a href=\"https:\/\/oma.skoletjenesten.no\/?p=1422\">Til innholdsliste for denne utgaven<\/a><\/em><\/p>\n","protected":false},"excerpt":{"rendered":"<p>Noen av denne bloggens lesere er kanskje s\u00e5 unge at de har et forhold til Valentinsdagen, som er i dag (de unge kjenner den kanskje bare som Valentine&#8217;s Day). S\u00e5 ung er ikke jeg, men jeg kjenner til den moderne varianten av dagen. Som kirkelig festdag for St. Valentin ble den imidlertid avskaffet i 1969.&hellip; <a class=\"more-link\" href=\"https:\/\/oma.skoletjenesten.no\/?p=1438\">Fortsett \u00e5 lese <span class=\"screen-reader-text\">Valentinsdag og jubel\u00e5r<\/span><\/a><\/p>\n","protected":false},"author":1,"featured_media":0,"comment_status":"open","ping_status":"open","sticky":false,"template":"","format":"standard","meta":{"footnotes":""},"categories":[1],"tags":[],"class_list":["post-1438","post","type-post","status-publish","format-standard","hentry","category-uncategorized","entry"],"_links":{"self":[{"href":"https:\/\/oma.skoletjenesten.no\/index.php?rest_route=\/wp\/v2\/posts\/1438","targetHints":{"allow":["GET"]}}],"collection":[{"href":"https:\/\/oma.skoletjenesten.no\/index.php?rest_route=\/wp\/v2\/posts"}],"about":[{"href":"https:\/\/oma.skoletjenesten.no\/index.php?rest_route=\/wp\/v2\/types\/post"}],"author":[{"embeddable":true,"href":"https:\/\/oma.skoletjenesten.no\/index.php?rest_route=\/wp\/v2\/users\/1"}],"replies":[{"embeddable":true,"href":"https:\/\/oma.skoletjenesten.no\/index.php?rest_route=%2Fwp%2Fv2%2Fcomments&post=1438"}],"version-history":[{"count":3,"href":"https:\/\/oma.skoletjenesten.no\/index.php?rest_route=\/wp\/v2\/posts\/1438\/revisions"}],"predecessor-version":[{"id":1441,"href":"https:\/\/oma.skoletjenesten.no\/index.php?rest_route=\/wp\/v2\/posts\/1438\/revisions\/1441"}],"wp:attachment":[{"href":"https:\/\/oma.skoletjenesten.no\/index.php?rest_route=%2Fwp%2Fv2%2Fmedia&parent=1438"}],"wp:term":[{"taxonomy":"category","embeddable":true,"href":"https:\/\/oma.skoletjenesten.no\/index.php?rest_route=%2Fwp%2Fv2%2Fcategories&post=1438"},{"taxonomy":"post_tag","embeddable":true,"href":"https:\/\/oma.skoletjenesten.no\/index.php?rest_route=%2Fwp%2Fv2%2Ftags&post=1438"}],"curies":[{"name":"wp","href":"https:\/\/api.w.org\/{rel}","templated":true}]}}