{"id":1365,"date":"2025-02-07T10:03:57","date_gmt":"2025-02-07T10:03:57","guid":{"rendered":"https:\/\/oma.skoletjenesten.no\/?p=1365"},"modified":"2025-03-05T15:02:44","modified_gmt":"2025-03-05T15:02:44","slug":"maastricht-m-m","status":"publish","type":"post","link":"https:\/\/oma.skoletjenesten.no\/?p=1365","title":{"rendered":"Maastricht m.m."},"content":{"rendered":"<div class=\"wp-block-image\">\n<figure class=\"alignright size-large\"><img loading=\"lazy\" decoding=\"async\" width=\"1024\" height=\"667\" src=\"https:\/\/oma.skoletjenesten.no\/wp-content\/uploads\/2025\/02\/Bilde_2025-02-04_164928710-1024x667.png\" alt=\"\" class=\"wp-image-1369\" srcset=\"https:\/\/oma.skoletjenesten.no\/wp-content\/uploads\/2025\/02\/Bilde_2025-02-04_164928710-1024x667.png 1024w, https:\/\/oma.skoletjenesten.no\/wp-content\/uploads\/2025\/02\/Bilde_2025-02-04_164928710-300x195.png 300w, https:\/\/oma.skoletjenesten.no\/wp-content\/uploads\/2025\/02\/Bilde_2025-02-04_164928710-768x500.png 768w, https:\/\/oma.skoletjenesten.no\/wp-content\/uploads\/2025\/02\/Bilde_2025-02-04_164928710.png 1030w\" sizes=\"auto, (max-width: 1024px) 100vw, 1024px\" \/><figcaption class=\"wp-element-caption\">33 \u00e5r i dag.<\/figcaption><\/figure>\n<\/div>\n\n\n<p>Den europeiske Union \u2013 bedre kjent under forkortelsen EU \u2013 har en slags f\u00f8dselsdag i dag; det er 33 \u00e5r siden <a href=\"https:\/\/no.wikipedia.org\/wiki\/Maastricht-traktaten\" data-type=\"link\" data-id=\"https:\/\/no.wikipedia.org\/wiki\/Maastricht-traktaten\" target=\"_blank\" rel=\"noreferrer noopener\">Maastricht-traktaten<\/a> ble undertegnet. Norge er ikke medlem av unionen, og det overlates til bloggens lesere \u00e5 bidra med synspunkter i den anledning \u2013 i saklig form!<\/p>\n\n\n\n<p id=\"Sveits----Ja-til-kvinnestemmer\">Et annet land som heller ikke er medlem av EU, er Sveits. Dit har flere nordmenn flyttet de siste \u00e5rene. Kanskje f\u00e5r de f\u00f8lge av Trygve Slagsm\u00e5l Vedum, for Sveits har i folkeavstemning avvist medlemskap ogs\u00e5 i E\u00d8S. I den folkeavstemningen hadde ogs\u00e5 kvinnene stemmerett, noe de fikk i Sveits p\u00e5 dagens dato allerede i 1971.<\/p>\n\n\n\n<p>Radioprogrammet <em>Nitimen<\/em> sendes fortsatt p\u00e5 den skattefinansierte kanalen NRK. Tidligere var Nitimens kjenningsmelodi en \u00f8delagt versjon av <em>Memories of you<\/em> av Eubie Blake. Han var f\u00f8dt p\u00e5 dagens dato i 1893, og d\u00f8de i 1993. Nitimens st\u00f8yende versjon av <em>Memories of you<\/em> har jeg heldigvis ikke funnet. Men jeg kan anbefale to senior-innspillinger, den ene med 72-\u00e5ringen Benny Goodman, den andre med Eubie Blake selv (innspilt da han var 98 \u00e5r gammel).<\/p>\n\n\n\n<div class=\"wp-block-columns is-layout-flex wp-container-core-columns-is-layout-9d6595d7 wp-block-columns-is-layout-flex\">\n<div class=\"wp-block-column is-layout-flow wp-block-column-is-layout-flow\">\n<figure class=\"wp-block-embed is-type-video is-provider-youtube wp-block-embed-youtube wp-embed-aspect-4-3 wp-has-aspect-ratio\"><div class=\"wp-block-embed__wrapper\">\n<iframe loading=\"lazy\" title=\"Memories of You #2 - Benny Goodman 1980\" width=\"750\" height=\"563\" src=\"https:\/\/www.youtube.com\/embed\/zU-8NirkF0I?feature=oembed\" frameborder=\"0\" allow=\"accelerometer; autoplay; clipboard-write; encrypted-media; gyroscope; picture-in-picture; web-share\" referrerpolicy=\"strict-origin-when-cross-origin\" allowfullscreen><\/iframe>\n<\/div><figcaption class=\"wp-element-caption\"><em>Memories of you<\/em><br>med Benny Goodman (72).<\/figcaption><\/figure>\n<\/div>\n\n\n\n<div class=\"wp-block-column is-layout-flow wp-block-column-is-layout-flow\">\n<figure class=\"wp-block-video\"><video height=\"240\" style=\"aspect-ratio: 426 \/ 240;\" width=\"426\" controls src=\"https:\/\/oma.skoletjenesten.no\/wp-content\/uploads\/2025\/02\/Memories-of-you_Eubie-Blake-98-1.mp4\"><\/video><figcaption class=\"wp-element-caption\"><em>Memories of you<\/em><br>av og med Eubie Blake (98)<\/figcaption><\/figure>\n<\/div>\n<\/div>\n\n\n\n<hr class=\"wp-block-separator has-alpha-channel-opacity\"\/>\n\n\n\n<p class=\"has-text-align-center\"><em><a href=\"https:\/\/oma.skoletjenesten.no\/?p=1393\">Til innholdsliste for denne utgaven<\/a><\/em><\/p>\n","protected":false},"excerpt":{"rendered":"<p>Den europeiske Union \u2013 bedre kjent under forkortelsen EU \u2013 har en slags f\u00f8dselsdag i dag; det er 33 \u00e5r siden Maastricht-traktaten ble undertegnet. Norge er ikke medlem av unionen, og det overlates til bloggens lesere \u00e5 bidra med synspunkter i den anledning \u2013 i saklig form! Et annet land som heller ikke er medlem&hellip; <a class=\"more-link\" href=\"https:\/\/oma.skoletjenesten.no\/?p=1365\">Fortsett \u00e5 lese <span class=\"screen-reader-text\">Maastricht m.m.<\/span><\/a><\/p>\n","protected":false},"author":1,"featured_media":0,"comment_status":"open","ping_status":"open","sticky":false,"template":"","format":"standard","meta":{"footnotes":""},"categories":[1],"tags":[],"class_list":["post-1365","post","type-post","status-publish","format-standard","hentry","category-uncategorized","entry"],"_links":{"self":[{"href":"https:\/\/oma.skoletjenesten.no\/index.php?rest_route=\/wp\/v2\/posts\/1365","targetHints":{"allow":["GET"]}}],"collection":[{"href":"https:\/\/oma.skoletjenesten.no\/index.php?rest_route=\/wp\/v2\/posts"}],"about":[{"href":"https:\/\/oma.skoletjenesten.no\/index.php?rest_route=\/wp\/v2\/types\/post"}],"author":[{"embeddable":true,"href":"https:\/\/oma.skoletjenesten.no\/index.php?rest_route=\/wp\/v2\/users\/1"}],"replies":[{"embeddable":true,"href":"https:\/\/oma.skoletjenesten.no\/index.php?rest_route=%2Fwp%2Fv2%2Fcomments&post=1365"}],"version-history":[{"count":8,"href":"https:\/\/oma.skoletjenesten.no\/index.php?rest_route=\/wp\/v2\/posts\/1365\/revisions"}],"predecessor-version":[{"id":1559,"href":"https:\/\/oma.skoletjenesten.no\/index.php?rest_route=\/wp\/v2\/posts\/1365\/revisions\/1559"}],"wp:attachment":[{"href":"https:\/\/oma.skoletjenesten.no\/index.php?rest_route=%2Fwp%2Fv2%2Fmedia&parent=1365"}],"wp:term":[{"taxonomy":"category","embeddable":true,"href":"https:\/\/oma.skoletjenesten.no\/index.php?rest_route=%2Fwp%2Fv2%2Fcategories&post=1365"},{"taxonomy":"post_tag","embeddable":true,"href":"https:\/\/oma.skoletjenesten.no\/index.php?rest_route=%2Fwp%2Fv2%2Ftags&post=1365"}],"curies":[{"name":"wp","href":"https:\/\/api.w.org\/{rel}","templated":true}]}}