{"id":1254,"date":"2025-01-17T10:00:20","date_gmt":"2025-01-17T10:00:20","guid":{"rendered":"https:\/\/oma.skoletjenesten.no\/?p=1254"},"modified":"2025-01-18T13:36:55","modified_gmt":"2025-01-18T13:36:55","slug":"virtuell-virkelighet-3-25","status":"publish","type":"post","link":"https:\/\/oma.skoletjenesten.no\/?p=1254","title":{"rendered":"Virtuell virkelighet 3\/25"},"content":{"rendered":"\n<p><small>Denne spalten het tidligere <em>Alternative fakta<\/em>, som fortsatt er kategori-betegnelsen. I<em> Alternative fakta<\/em> l\u00e5 vekten ofte mer p\u00e5 det alternative enn p\u00e5 fakta. Her i <em>Virtuell virkelighet<\/em> kan vekten&nbsp; ligge mer p\u00e5 det virtuelle enn p\u00e5 virkeligheten.<\/small><\/p>\n\n\n\n<p><small>Navneskiftet ble forklart i <a href=\"http:\/\/ttt.skoletjenesten.no\/alternative-fakta-3-21\/\" target=\"_blank\" rel=\"noreferrer noopener\">siste utgave av Alternative fakta 15. januar 2021<\/a>.<\/small><\/p>\n\n\n\n<hr class=\"wp-block-separator has-alpha-channel-opacity\"\/>\n\n\n\n<p><strong><em>Vv 1: Lokalhistorie.<\/em> <\/strong><em><a href=\"https:\/\/barumhistorie.no\/\" data-type=\"link\" data-id=\"https:\/\/barumhistorie.no\/\" target=\"_blank\" rel=\"noreferrer noopener\">B\u00e6rumshistorie.no<\/a><\/em> er et nettsted som alle historieinteresserte b\u00e6ringer sikkert vet om. Andre historieinteresserte b\u00f8r ta en titt for \u00e5 se hvordan det kan gj\u00f8res. Knut Erik Skarning har nedlagt et stort og prisverdig arbeid ikke minst med kart og bilder. Kanskje kan blogglesere med formidlingslyst lage noe tilsvarende for andre omr\u00e5der?<\/p>\n\n\n\n<p><a href=\"mailto:ttt@skoletjenesten.no?cc=&amp;bcc=&amp;subject=Vv%201\/03&amp;amptarget=\"><em>Kommenter denne notisen<\/em><\/a><\/p>\n\n\n\n<p class=\"has-text-align-center\">\u058e\u058e\u058e<\/p>\n\n\n\n<p><strong><em>Vv 2: Svensk-1.<\/em><\/strong> Som nevnt denne bloggutgavens <a href=\"https:\/\/oma.skoletjenesten.no\/?p=1242\" data-type=\"link\" data-id=\"https:\/\/oma.skoletjenesten.no\/?p=1242\" target=\"_blank\" rel=\"noreferrer noopener\"><em>Vipps og Eurocard<\/em> <\/a>har bloggeren to ganger nylig v\u00e6rt i kontakt med Eurocards svensktalende kundeservicefolk. Den andre gangen var han litt i tvil om det ble snakket svensk, s\u00e5 han spurte om det var slik. \u00abJag sitter i Stockholm,\u00bb var svaret. Det viser seg at en del av norsk Eurocards kundeservice holder til i Stockholm. Det er interessant sammenholdt med bloggerens opplevelse slik den er beskrevet i innlegget <em><a href=\"https:\/\/torgeirs-tanker.skoletjenesten.no\/svensk-kunde-service-teknikdelar-se\/#snakk-engelsk\" data-type=\"link\" data-id=\"https:\/\/torgeirs-tanker.skoletjenesten.no\/svensk-kunde-service-teknikdelar-se\/#snakk-engelsk\" target=\"_blank\" rel=\"noreferrer noopener\">Svensk kunde-\u00abservice\u00bb: Teknikdelar.se<\/a><\/em>.<\/p>\n\n\n\n<p><a href=\"mailto:ttt@skoletjenesten.no?cc=&amp;bcc=&amp;subject=Vv%202\/03&amp;amptarget=\"><em>Kommenter denne notisen<\/em><\/a><\/p>\n\n\n\n<p class=\"has-text-align-center\">\u058e\u058e\u058e<\/p>\n\n\n\n<p><strong><em>Vv 3: Svensk-2.<\/em><\/strong> N\u00e5r bloggeren uventet f\u00e5r en svensk stemme p\u00e5 \u00f8ret, tenker han automatisk p\u00e5 f\u00f8lgende p\u00e5st\u00e5tte replikkveksling mellom to svensker:<br>&#8211; Jag \u00e4r intelligent.<br>&#8211; Inte jag heller.<\/p>\n\n\n\n<p><a href=\"mailto:ttt@skoletjenesten.no?cc=&amp;bcc=&amp;subject=Vv%203\/03&amp;amptarget=\"><em>Kommenter denne notisen<\/em><\/a><\/p>\n\n\n\n<p class=\"has-text-align-center\">\u058e\u058e\u058e<\/p>\n\n\n<div class=\"wp-block-image is-style-twentytwentyone-border\">\n<figure class=\"alignright size-full\"><a href=\"https:\/\/oma.skoletjenesten.no\/wp-content\/uploads\/2025\/01\/40_Varselskudd_OK_Opera-Bilde_2025-01-08_201302_tv.nrk_.no_.jpg\" target=\"_blank\" rel=\" noreferrer noopener\"><img loading=\"lazy\" decoding=\"async\" width=\"810\" height=\"454\" src=\"https:\/\/oma.skoletjenesten.no\/wp-content\/uploads\/2025\/01\/40_Varselskudd_OK_Opera-Bilde_2025-01-08_201302_tv.nrk_.no_.jpg\" alt=\"\" class=\"wp-image-1256\" srcset=\"https:\/\/oma.skoletjenesten.no\/wp-content\/uploads\/2025\/01\/40_Varselskudd_OK_Opera-Bilde_2025-01-08_201302_tv.nrk_.no_.jpg 810w, https:\/\/oma.skoletjenesten.no\/wp-content\/uploads\/2025\/01\/40_Varselskudd_OK_Opera-Bilde_2025-01-08_201302_tv.nrk_.no_-300x168.jpg 300w, https:\/\/oma.skoletjenesten.no\/wp-content\/uploads\/2025\/01\/40_Varselskudd_OK_Opera-Bilde_2025-01-08_201302_tv.nrk_.no_-768x430.jpg 768w\" sizes=\"auto, (max-width: 810px) 100vw, 810px\" \/><\/a><figcaption class=\"wp-element-caption\">NRK Dagsrevyen 8. januar 2025.<\/figcaption><\/figure>\n<\/div>\n\n\n<p><strong><em>Vv 4: Krig.<\/em><\/strong> \u00abSkyter varselskudd mens NRK filmer,\u00bb var hovedoppslaget i Dagsrevyen forrige onsdag. Ja, disse f\u00e6le israelerne! Her driver den skattefinansierte TV-kanalen NRK fredelig journalistikk i en krigssone, og s\u00e5 skyter de!<\/p>\n\n\n\n<p><a href=\"mailto:ttt@skoletjenesten.no?cc=&amp;bcc=&amp;subject=Vv%204\/03&amp;amptarget=\"><em>Kommenter denne notisen<\/em><\/a><\/p>\n\n\n\n<p class=\"has-text-align-center\">\u058e\u058e\u058e<\/p>\n\n\n<div class=\"wp-block-image is-style-twentytwentyone-border\">\n<figure class=\"alignright size-full\"><a href=\"https:\/\/oma.skoletjenesten.no\/wp-content\/uploads\/2025\/01\/50_Gjerdruminnsamling-1925_Opera-Bilde_2025-01-13_141755_eavis.budstikka.no_.png\" target=\"_blank\" rel=\" noreferrer noopener\"><img loading=\"lazy\" decoding=\"async\" width=\"528\" height=\"333\" src=\"https:\/\/oma.skoletjenesten.no\/wp-content\/uploads\/2025\/01\/50_Gjerdruminnsamling-1925_Opera-Bilde_2025-01-13_141755_eavis.budstikka.no_.png\" alt=\"\" class=\"wp-image-1257\" srcset=\"https:\/\/oma.skoletjenesten.no\/wp-content\/uploads\/2025\/01\/50_Gjerdruminnsamling-1925_Opera-Bilde_2025-01-13_141755_eavis.budstikka.no_.png 528w, https:\/\/oma.skoletjenesten.no\/wp-content\/uploads\/2025\/01\/50_Gjerdruminnsamling-1925_Opera-Bilde_2025-01-13_141755_eavis.budstikka.no_-300x189.png 300w\" sizes=\"auto, (max-width: 528px) 100vw, 528px\" \/><\/a><figcaption class=\"wp-element-caption\">Asker og B\u00e6rums Budstikke 19. januar 1925.<\/figcaption><\/figure>\n<\/div>\n\n\n<p><strong><em>Vv 5: Innsamling<\/em><\/strong><strong><em>.<\/em><\/strong> Kvikkleireskredet i Gjerdrum for fire \u00e5r siden ble omtalt ogs\u00e5 <a href=\"https:\/\/ttt.skoletjenesten.no\/leirras\/\" data-type=\"link\" data-id=\"https:\/\/ttt.skoletjenesten.no\/leirras\/\" target=\"_blank\" rel=\"noreferrer noopener\">her i bloggen<\/a>. Men Tanum kirke var langt tidligere ute, og hadde innsamling til \u00abde skadelidte i Gjerdrum\u00bb allerede i 1925.<\/p>\n\n\n\n<p><a href=\"mailto:ttt@skoletjenesten.no?cc=&amp;bcc=&amp;subject=Vv%205\/03&amp;amptarget=\"><em>Kommenter denne notisen<\/em><\/a><\/p>\n\n\n\n<p class=\"has-text-align-center\">\u058e\u058e\u058e<\/p>\n\n\n\n<p><strong><em>Vv 6: Utspill-1.<\/em> <\/strong>Det s\u00e5kalte <em>utspillet<\/em> om Gr\u00f8nland fra den p\u00e5troppende presidenten i Sambandsstatene var ikke noe utspill. Donald svarte kort p\u00e5 et langt sp\u00f8rsm\u00e5l fra en journalist under en pressekonferanse, og journalistens sp\u00f8rsm\u00e5l inneholdt ordlyden i \u00abutspillet\u00bb.<\/p>\n\n\n\n<p><a href=\"mailto:ttt@skoletjenesten.no?cc=&amp;bcc=&amp;subject=Vv%206\/03&amp;amptarget=\"><em>Kommenter denne notisen<\/em><\/a><\/p>\n\n\n\n<p class=\"has-text-align-center\">\u058e\u058e\u058e<\/p>\n\n\n\n<p><strong>Vv 7: <strong><em>Utspill-2<\/em><\/strong><\/strong>. Siden sp\u00f8rsm\u00e5let om Gr\u00f8nland og SbS (Sambandsstatene) kom opp p\u00e5 en pressekonferanse, tror bloggeren at Donald T. m\u00e5tte hente frem noen sparsomme geografikunnskaper. Sannsynligvis trodde Donald T. at det var snakk om <em>Grenland<\/em> (det engelske navnet p\u00e5 Gr\u00f8nland skrives som kjent med to e&#8217;er).<\/p>\n\n\n\n<p><a href=\"mailto:ttt@skoletjenesten.no?cc=&amp;bcc=&amp;subject=Vv%207\/03&amp;amptarget=\"><em>Kommenter denne notisen<\/em><\/a><\/p>\n\n\n\n<p class=\"has-text-align-center\">\u058e\u058e\u058e<\/p>\n\n\n<div class=\"wp-block-image is-style-twentytwentyone-border\">\n<figure class=\"alignright size-full\"><img loading=\"lazy\" decoding=\"async\" width=\"873\" height=\"873\" src=\"https:\/\/oma.skoletjenesten.no\/wp-content\/uploads\/2025\/01\/80_WashingtonDC-Groenland-Svalbard_Kart.jpg\" alt=\"\" class=\"wp-image-1258\" srcset=\"https:\/\/oma.skoletjenesten.no\/wp-content\/uploads\/2025\/01\/80_WashingtonDC-Groenland-Svalbard_Kart.jpg 873w, https:\/\/oma.skoletjenesten.no\/wp-content\/uploads\/2025\/01\/80_WashingtonDC-Groenland-Svalbard_Kart-300x300.jpg 300w, https:\/\/oma.skoletjenesten.no\/wp-content\/uploads\/2025\/01\/80_WashingtonDC-Groenland-Svalbard_Kart-150x150.jpg 150w, https:\/\/oma.skoletjenesten.no\/wp-content\/uploads\/2025\/01\/80_WashingtonDC-Groenland-Svalbard_Kart-768x768.jpg 768w\" sizes=\"auto, (max-width: 873px) 100vw, 873px\" \/><figcaption class=\"wp-element-caption\">Gr\u00f8nland ligger i siktelinjen fra Washington D.C. (dr\u00e5peformet merke) til Svalbard (innringet).<\/figcaption><\/figure>\n<\/div>\n\n\n<p><strong>Vv 8: <strong><em>Utspill-3.<\/em><\/strong><\/strong> Da Donald T. ble klar over feiltakelsen med Grenland\/Gr\u00f8nland, innr\u00f8mmet han selvsagt ingen feil. Han pekte p\u00e5 Svalbard, som i likhet med Grenland er norsk, og som ligger i samme retning som Gr\u00f8nland \u2013 sett fra Washington D. C..<\/p>\n\n\n\n<p>.<\/p>\n\n\n\n<p><a href=\"mailto:ttt@skoletjenesten.no?cc=&amp;bcc=&amp;subject=Vv%208\/03&amp;amptarget=\"><em>Kommenter denne notisen<\/em><\/a><\/p>\n\n\n\n<p class=\"has-text-align-center\">\u058e\u058e\u058e<\/p>\n\n\n<div class=\"wp-block-image is-style-twentytwentyone-border\">\n<figure class=\"alignright size-full\"><a href=\"https:\/\/ttt.skoletjenesten.no\/der-er-ingenting-i-verden-sa-ille-som-sne\/\" target=\"_blank\" rel=\" noreferrer noopener\"><img loading=\"lazy\" decoding=\"async\" width=\"335\" height=\"706\" src=\"https:\/\/oma.skoletjenesten.no\/wp-content\/uploads\/2025\/01\/90_Sne-Varsel-og-rydding.jpg\" alt=\"\" class=\"wp-image-1259\" srcset=\"https:\/\/oma.skoletjenesten.no\/wp-content\/uploads\/2025\/01\/90_Sne-Varsel-og-rydding.jpg 335w, https:\/\/oma.skoletjenesten.no\/wp-content\/uploads\/2025\/01\/90_Sne-Varsel-og-rydding-142x300.jpg 142w\" sizes=\"auto, (max-width: 335px) 100vw, 335px\" \/><\/a><figcaption class=\"wp-element-caption\">Klikk for \u00e5 se Arild Menzonis underkommunisering og bloggerens virtuose h\u00e5ndterintg av snefreser.<\/figcaption><\/figure>\n<\/div>\n\n\n<p><strong><em>Vv 9: Vinter.<\/em><\/strong> Takket v\u00e6re god hjelp fra snille naboer har bloggeren klart seg gjennom vinteren s\u00e5 langt, og n\u00e5 er det bare et par m\u00e5neder igjen av den. V\u00e6rgudene gikk til angrep forrige tirsdag, men det ble ikke underkommunisert i v\u00e6rmeldingen slik Arild Menzoni gjorde for f\u00e5 \u00e5r siden. Kanskje kan denne vinteren bli som den Asker og B\u00e6rums Budstikke fortalte om for hundre \u00e5r siden (klippet nedenfor)?<\/p>\n\n\n\n<p>.<\/p>\n\n\n\n<p>.<\/p>\n\n\n\n<p>.<\/p>\n\n\n<div class=\"wp-block-image is-style-twentytwentyone-border\">\n<figure class=\"aligncenter size-full\"><img loading=\"lazy\" decoding=\"async\" width=\"536\" height=\"422\" src=\"https:\/\/oma.skoletjenesten.no\/wp-content\/uploads\/2025\/01\/90_Varm-vinter-1925_Opera-Bilde_2025-01-13_141115_eavis.budstikka.no_.png\" alt=\"\" class=\"wp-image-1260\" srcset=\"https:\/\/oma.skoletjenesten.no\/wp-content\/uploads\/2025\/01\/90_Varm-vinter-1925_Opera-Bilde_2025-01-13_141115_eavis.budstikka.no_.png 536w, https:\/\/oma.skoletjenesten.no\/wp-content\/uploads\/2025\/01\/90_Varm-vinter-1925_Opera-Bilde_2025-01-13_141115_eavis.budstikka.no_-300x236.png 300w\" sizes=\"auto, (max-width: 536px) 100vw, 536px\" \/><figcaption class=\"wp-element-caption\">Asker og B\u00e6rums Budstikke 19. januar 1925.<\/figcaption><\/figure>\n<\/div>\n\n\n<p><a href=\"mailto:ttt@skoletjenesten.no?cc=&amp;bcc=&amp;subject=Vv%209\/03&amp;amptarget=\"><em>Kommenter denne notisen<\/em><\/a><\/p>\n\n\n\n<div style=\"height:100px\" aria-hidden=\"true\" class=\"wp-block-spacer\"><\/div>\n\n\n\n<hr class=\"wp-block-separator has-alpha-channel-opacity\"\/>\n\n\n\n<p class=\"has-text-align-center\"><em><a href=\"https:\/\/oma.skoletjenesten.no\/?p=1240\">Til innholdsliste for denne utgaven<\/a><\/em><\/p>\n","protected":false},"excerpt":{"rendered":"<p>Denne spalten het tidligere Alternative fakta, som fortsatt er kategori-betegnelsen. I Alternative fakta l\u00e5 vekten ofte mer p\u00e5 det alternative enn p\u00e5 fakta. Her i Virtuell virkelighet kan vekten&nbsp; ligge mer p\u00e5 det virtuelle enn p\u00e5 virkeligheten. Navneskiftet ble forklart i siste utgave av Alternative fakta 15. januar 2021. Vv 1: Lokalhistorie. B\u00e6rumshistorie.no er et&hellip; <a class=\"more-link\" href=\"https:\/\/oma.skoletjenesten.no\/?p=1254\">Fortsett \u00e5 lese <span class=\"screen-reader-text\">Virtuell virkelighet 3\/25<\/span><\/a><\/p>\n","protected":false},"author":1,"featured_media":0,"comment_status":"open","ping_status":"open","sticky":false,"template":"","format":"standard","meta":{"footnotes":""},"categories":[11],"tags":[],"class_list":["post-1254","post","type-post","status-publish","format-standard","hentry","category-alternative-fakta","entry"],"_links":{"self":[{"href":"https:\/\/oma.skoletjenesten.no\/index.php?rest_route=\/wp\/v2\/posts\/1254","targetHints":{"allow":["GET"]}}],"collection":[{"href":"https:\/\/oma.skoletjenesten.no\/index.php?rest_route=\/wp\/v2\/posts"}],"about":[{"href":"https:\/\/oma.skoletjenesten.no\/index.php?rest_route=\/wp\/v2\/types\/post"}],"author":[{"embeddable":true,"href":"https:\/\/oma.skoletjenesten.no\/index.php?rest_route=\/wp\/v2\/users\/1"}],"replies":[{"embeddable":true,"href":"https:\/\/oma.skoletjenesten.no\/index.php?rest_route=%2Fwp%2Fv2%2Fcomments&post=1254"}],"version-history":[{"count":5,"href":"https:\/\/oma.skoletjenesten.no\/index.php?rest_route=\/wp\/v2\/posts\/1254\/revisions"}],"predecessor-version":[{"id":1279,"href":"https:\/\/oma.skoletjenesten.no\/index.php?rest_route=\/wp\/v2\/posts\/1254\/revisions\/1279"}],"wp:attachment":[{"href":"https:\/\/oma.skoletjenesten.no\/index.php?rest_route=%2Fwp%2Fv2%2Fmedia&parent=1254"}],"wp:term":[{"taxonomy":"category","embeddable":true,"href":"https:\/\/oma.skoletjenesten.no\/index.php?rest_route=%2Fwp%2Fv2%2Fcategories&post=1254"},{"taxonomy":"post_tag","embeddable":true,"href":"https:\/\/oma.skoletjenesten.no\/index.php?rest_route=%2Fwp%2Fv2%2Ftags&post=1254"}],"curies":[{"name":"wp","href":"https:\/\/api.w.org\/{rel}","templated":true}]}}