{"id":1249,"date":"2025-01-17T10:02:53","date_gmt":"2025-01-17T10:02:53","guid":{"rendered":"https:\/\/oma.skoletjenesten.no\/?p=1249"},"modified":"2025-01-18T11:56:06","modified_gmt":"2025-01-18T11:56:06","slug":"minnedato","status":"publish","type":"post","link":"https:\/\/oma.skoletjenesten.no\/?p=1249","title":{"rendered":"Minnedato"},"content":{"rendered":"\n<p>Datoen 17. januar huskes \u2013 av dem som er gamle nok \u2013 som datoen da kong Olav d\u00f8de. Det skrev jeg om i bloggen <a href=\"https:\/\/ttt.skoletjenesten.no\/17-januar-1991\/\" data-type=\"link\" data-id=\"https:\/\/ttt.skoletjenesten.no\/17-januar-1991\/\" target=\"_blank\" rel=\"noreferrer noopener\">17. januar 2020<\/a>.<\/p>\n\n\n<div class=\"wp-block-image\">\n<figure class=\"alignright size-large\"><a href=\"https:\/\/oma.skoletjenesten.no\/wp-content\/uploads\/2025\/01\/Scotts-dagbok-Amundsens-telt-17-el-18-jan-1912-1.jpg\" target=\"_blank\" rel=\" noreferrer noopener\"><img loading=\"lazy\" decoding=\"async\" width=\"1024\" height=\"762\" src=\"https:\/\/oma.skoletjenesten.no\/wp-content\/uploads\/2025\/01\/Scotts-dagbok-Amundsens-telt-17-el-18-jan-1912-1-1024x762.jpg\" alt=\"\" class=\"wp-image-1251\" srcset=\"https:\/\/oma.skoletjenesten.no\/wp-content\/uploads\/2025\/01\/Scotts-dagbok-Amundsens-telt-17-el-18-jan-1912-1-1024x762.jpg 1024w, https:\/\/oma.skoletjenesten.no\/wp-content\/uploads\/2025\/01\/Scotts-dagbok-Amundsens-telt-17-el-18-jan-1912-1-300x223.jpg 300w, https:\/\/oma.skoletjenesten.no\/wp-content\/uploads\/2025\/01\/Scotts-dagbok-Amundsens-telt-17-el-18-jan-1912-1-768x571.jpg 768w, https:\/\/oma.skoletjenesten.no\/wp-content\/uploads\/2025\/01\/Scotts-dagbok-Amundsens-telt-17-el-18-jan-1912-1.jpg 1062w\" sizes=\"auto, (max-width: 1024px) 100vw, 1024px\" \/><\/a><figcaption class=\"wp-element-caption\">Robert F. Scotts dagbok om ankomsten til Sydpolen \u2013 og funnet av Amundsen-ekspedisjonens telt. Klikk for mer leselig tekst.<\/figcaption><\/figure>\n<\/div>\n\n\n<p>Samme dato \u2013 17. januar \u2013 er ogs\u00e5 oppgitt som datoen da Robert Falcon Scott n\u00e5dde Sydpolen, omtrent en m\u00e5ned etter Roald Amundsen. I den norske utgaven av <a href=\"https:\/\/www.nb.no\/items\/7cae5b9c3afd9c8dde3dbda578e3db1e?page=1&amp;searchText=eller#1\" data-type=\"link\" data-id=\"https:\/\/www.nb.no\/items\/7cae5b9c3afd9c8dde3dbda578e3db1e?page=1&amp;searchText=eller#1\" target=\"_blank\" rel=\"noreferrer noopener\">Scotts dagbok<\/a> st\u00e5r det <em>torsdag 17. januar<\/em>. Men 17. januar 1912 var en onsdag, og i dagboken st\u00e5r det <em>onsdag 17.<\/em> og <em>fredag 19.<\/em> januar. Mye tyder p\u00e5 at det her foreligger en korrekturfeil. Uansett ser det ut til at 17. januar er den offisielle datoen, gjengitt b\u00e5de i tekst og p\u00e5 et kart i <a href=\"https:\/\/snl.no\/Terra_Nova-ekspedisjonen\" data-type=\"link\" data-id=\"https:\/\/snl.no\/Terra_Nova-ekspedisjonen\" target=\"_blank\" rel=\"noreferrer noopener\">Store norske leksikon<\/a><\/p>\n\n\n\n<p>I teltet Scott-folkene fant etter Amundsen-ekspedisjonen p\u00e5 Sydpolen, l\u00e5 et brev til kong Haakon sammen med f\u00f8lgende melding fra Roald Amundsen til Robert F. Scott: \u00abKj\u00e6re kaptein Scott. Siden De trolig er den f\u00f8rste som bes\u00f8ker dette omr\u00e5det etter oss, ber jeg Dem vennligst om \u00e5 f\u00e5 videresendt dette brevet til Kong Haakon VII. Hvis De kan benytte Dem av noen av de gjenstander som ligger igjen i teltet, s\u00e5 n\u00f8l ikke med det. Beste hilsener, og \u00f8nske om at De kommer trygt tilbake. Deres hengivne, Roald Amundsen.\u00bb. Scott omkom p\u00e5 returen fra Sydpolen, og brevet ble funnet i ekspedisjonens telt. Om kong Haakon fikk det, er ukjent. Det kunne v\u00e6rt sendt med posten, ettersom det norske postverket i var opprettet p\u00e5 dagens dato allerede i 1647.<\/p>\n\n\n\n<p>P\u00e5 bakgrunn av ideer om at Sambandsstatene b\u00f8r overta Gr\u00f8nland, kan man merke seg at det p\u00e5 dagens dato i 1970 ble holdt folkeavstemning der om indre selvstyre. Avstemningen ga flertall for indre selvstyre, og det er vel ikke s\u00e5 avvikende fra ordningen i de femti eksisterende statene. Kanskje Gr\u00f8nland blir den 51. staten (og Norge den 52.)?<\/p>\n\n\n\n<p>Komponisten <a href=\"https:\/\/snl.no\/Tomaso_Albinoni\" data-type=\"link\" data-id=\"https:\/\/snl.no\/Tomaso_Albinoni\" target=\"_blank\" rel=\"noreferrer noopener\">Tomaso Albinoni<\/a> (1671\u20131751) d\u00f8de p\u00e5 dagens dato i 1751. Han er kjent for verket <em>Adagio i g-moll for orgel og strykere<\/em>, men der har han visst bare skrevet en bass-stemme. Resten av komposisjonen skal v\u00e6re av <a href=\"https:\/\/snl.no\/Remo_Giazotto\" data-type=\"link\" data-id=\"https:\/\/snl.no\/Remo_Giazotto\" target=\"_blank\" rel=\"noreferrer noopener\">Remo Giazotto<\/a> (1910-1998). Den passer i hvert fall godt som avslutning p\u00e5 en 17. januar.<\/p>\n\n\n\n<figure class=\"wp-block-embed is-type-video is-provider-youtube wp-block-embed-youtube wp-embed-aspect-4-3 wp-has-aspect-ratio\"><div class=\"wp-block-embed__wrapper\">\n<iframe loading=\"lazy\" title=\"Adagio En Sol Menor\" width=\"750\" height=\"563\" src=\"https:\/\/www.youtube.com\/embed\/3ntCWrAJBDk?feature=oembed\" frameborder=\"0\" allow=\"accelerometer; autoplay; clipboard-write; encrypted-media; gyroscope; picture-in-picture; web-share\" referrerpolicy=\"strict-origin-when-cross-origin\" allowfullscreen><\/iframe>\n<\/div><\/figure>\n\n\n\n<div style=\"height:100px\" aria-hidden=\"true\" class=\"wp-block-spacer\"><\/div>\n\n\n\n<hr class=\"wp-block-separator has-alpha-channel-opacity\"\/>\n\n\n\n<p class=\"has-text-align-center\"><em><a href=\"https:\/\/oma.skoletjenesten.no\/?p=1240\">Til innholdsliste for denne utgaven<\/a><\/em><\/p>\n","protected":false},"excerpt":{"rendered":"<p>Datoen 17. januar huskes \u2013 av dem som er gamle nok \u2013 som datoen da kong Olav d\u00f8de. Det skrev jeg om i bloggen 17. januar 2020. Samme dato \u2013 17. januar \u2013 er ogs\u00e5 oppgitt som datoen da Robert Falcon Scott n\u00e5dde Sydpolen, omtrent en m\u00e5ned etter Roald Amundsen. I den norske utgaven av&hellip; <a class=\"more-link\" href=\"https:\/\/oma.skoletjenesten.no\/?p=1249\">Fortsett \u00e5 lese <span class=\"screen-reader-text\">Minnedato<\/span><\/a><\/p>\n","protected":false},"author":1,"featured_media":0,"comment_status":"open","ping_status":"open","sticky":false,"template":"","format":"standard","meta":{"footnotes":""},"categories":[10],"tags":[],"class_list":["post-1249","post","type-post","status-publish","format-standard","hentry","category-dagen-i-dag","entry"],"_links":{"self":[{"href":"https:\/\/oma.skoletjenesten.no\/index.php?rest_route=\/wp\/v2\/posts\/1249","targetHints":{"allow":["GET"]}}],"collection":[{"href":"https:\/\/oma.skoletjenesten.no\/index.php?rest_route=\/wp\/v2\/posts"}],"about":[{"href":"https:\/\/oma.skoletjenesten.no\/index.php?rest_route=\/wp\/v2\/types\/post"}],"author":[{"embeddable":true,"href":"https:\/\/oma.skoletjenesten.no\/index.php?rest_route=\/wp\/v2\/users\/1"}],"replies":[{"embeddable":true,"href":"https:\/\/oma.skoletjenesten.no\/index.php?rest_route=%2Fwp%2Fv2%2Fcomments&post=1249"}],"version-history":[{"count":6,"href":"https:\/\/oma.skoletjenesten.no\/index.php?rest_route=\/wp\/v2\/posts\/1249\/revisions"}],"predecessor-version":[{"id":1277,"href":"https:\/\/oma.skoletjenesten.no\/index.php?rest_route=\/wp\/v2\/posts\/1249\/revisions\/1277"}],"wp:attachment":[{"href":"https:\/\/oma.skoletjenesten.no\/index.php?rest_route=%2Fwp%2Fv2%2Fmedia&parent=1249"}],"wp:term":[{"taxonomy":"category","embeddable":true,"href":"https:\/\/oma.skoletjenesten.no\/index.php?rest_route=%2Fwp%2Fv2%2Fcategories&post=1249"},{"taxonomy":"post_tag","embeddable":true,"href":"https:\/\/oma.skoletjenesten.no\/index.php?rest_route=%2Fwp%2Fv2%2Ftags&post=1249"}],"curies":[{"name":"wp","href":"https:\/\/api.w.org\/{rel}","templated":true}]}}