{"id":1213,"date":"2025-01-10T10:00:49","date_gmt":"2025-01-10T10:00:49","guid":{"rendered":"https:\/\/oma.skoletjenesten.no\/?p=1213"},"modified":"2026-02-05T22:09:42","modified_gmt":"2026-02-05T22:09:42","slug":"virtuell-virkelighet-2-25","status":"publish","type":"post","link":"https:\/\/oma.skoletjenesten.no\/?p=1213","title":{"rendered":"Virtuell virkelighet 2\/25"},"content":{"rendered":"\n<p><small>Denne spalten het tidligere <em>Alternative fakta<\/em>, som fortsatt er kategori-betegnelsen. I<em> Alternative fakta<\/em> l\u00e5 vekten ofte mer p\u00e5 det alternative enn p\u00e5 fakta. Her i <em>Virtuell virkelighet<\/em> kan vekten&nbsp; ligge mer p\u00e5 det virtuelle enn p\u00e5 virkeligheten.<\/small><\/p>\n\n\n\n<p><small>Navneskiftet ble forklart i <a href=\"http:\/\/ttt.skoletjenesten.no\/alternative-fakta-3-21\/\" target=\"_blank\" rel=\"noreferrer noopener\">siste utgave av Alternative fakta 15. januar 2021<\/a>.<\/small><\/p>\n\n\n\n<hr class=\"wp-block-separator has-alpha-channel-opacity\"\/>\n\n\n\n<p><strong><em>Vv 1: Lever\u00e5d.<\/em><\/strong> En god m\u00e5te \u00e5 bevege seg inn i fremtiden p\u00e5, er \u00e5 gj\u00f8re som n\u00e5r man ror: Man beveger seg forover mens man tar sikte p\u00e5 et landemerke akterover. Men man skal huske at folk i fremtiden ogs\u00e5 kommer til \u00e5 f\u00f8lge dette r\u00e5det, og da er det <em>vi<\/em> som er landemerket.<\/p>\n\n\n\n<p><a href=\"mailto:ttt@skoletjenesten.no?cc=&amp;bcc=&amp;subject=Vv%201\/02&amp;amptarget=\"><em>Kommenter denne notisen<\/em><\/a><\/p>\n\n\n\n<p class=\"has-text-align-center\">\u058e\u058e\u058e<\/p>\n\n\n\n<p><strong><em>Vv 2: Navnesp\u00f8rsm\u00e5l.<\/em><\/strong> Sambandsstatenes nye president, som enn\u00e5 ikke har tiltr\u00e5dt, har gitt uttrykk for at <em>Mexico<\/em>-gulfen b\u00f8r endre navn til <em>USA<\/em>-gulfen. Da er sp\u00f8rsm\u00e5let om han bruker betegnelsen <em>Persia<\/em>bukta eller Den <em>arabiske <\/em>gulf om havomr\u00e5det mellom Arabia og Iran. Og hva mener han om det nye navnet p\u00e5 Isle of <em>Man<\/em>, Isle of <em>Person<\/em>?<\/p>\n\n\n\n<div class=\"wp-block-columns is-layout-flex wp-container-core-columns-is-layout-9d6595d7 wp-block-columns-is-layout-flex\">\n<div class=\"wp-block-column is-layout-flow wp-block-column-is-layout-flow\">\n<figure class=\"wp-block-image size-full is-style-twentytwentyone-border\"><a href=\"https:\/\/oma.skoletjenesten.no\/wp-content\/uploads\/2025\/01\/20_PKnavn_Mexicogulfen.png\" target=\"_blank\" rel=\" noreferrer noopener\"><img loading=\"lazy\" decoding=\"async\" width=\"857\" height=\"594\" src=\"https:\/\/oma.skoletjenesten.no\/wp-content\/uploads\/2025\/01\/20_PKnavn_Mexicogulfen.png\" alt=\"\" class=\"wp-image-1216\" srcset=\"https:\/\/oma.skoletjenesten.no\/wp-content\/uploads\/2025\/01\/20_PKnavn_Mexicogulfen.png 857w, https:\/\/oma.skoletjenesten.no\/wp-content\/uploads\/2025\/01\/20_PKnavn_Mexicogulfen-300x208.png 300w, https:\/\/oma.skoletjenesten.no\/wp-content\/uploads\/2025\/01\/20_PKnavn_Mexicogulfen-768x532.png 768w\" sizes=\"auto, (max-width: 857px) 100vw, 857px\" \/><\/a><figcaption class=\"wp-element-caption\">Mexico-\/USA-gulfen.<\/figcaption><\/figure>\n<\/div>\n\n\n\n<div class=\"wp-block-column is-layout-flow wp-block-column-is-layout-flow\">\n<figure class=\"wp-block-image size-full is-style-twentytwentyone-border\"><a href=\"https:\/\/oma.skoletjenesten.no\/wp-content\/uploads\/2025\/01\/20_PKnavn_Persiabukten-Kart_Opera-Bilde_2025-01-08_104753_www.google.no_.png\" target=\"_blank\" rel=\" noreferrer noopener\"><img loading=\"lazy\" decoding=\"async\" width=\"686\" height=\"616\" src=\"https:\/\/oma.skoletjenesten.no\/wp-content\/uploads\/2025\/01\/20_PKnavn_Persiabukten-Kart_Opera-Bilde_2025-01-08_104753_www.google.no_.png\" alt=\"\" class=\"wp-image-1224\" srcset=\"https:\/\/oma.skoletjenesten.no\/wp-content\/uploads\/2025\/01\/20_PKnavn_Persiabukten-Kart_Opera-Bilde_2025-01-08_104753_www.google.no_.png 686w, https:\/\/oma.skoletjenesten.no\/wp-content\/uploads\/2025\/01\/20_PKnavn_Persiabukten-Kart_Opera-Bilde_2025-01-08_104753_www.google.no_-300x269.png 300w\" sizes=\"auto, (max-width: 686px) 100vw, 686px\" \/><\/a><figcaption class=\"wp-element-caption\">Persiabukta \/ Den arabiske gulf.<\/figcaption><\/figure>\n<\/div>\n\n\n\n<div class=\"wp-block-column is-layout-flow wp-block-column-is-layout-flow\">\n<figure class=\"wp-block-image size-full is-style-twentytwentyone-border\"><a href=\"https:\/\/oma.skoletjenesten.no\/wp-content\/uploads\/2025\/01\/20_PKnavn_Isle-of-Man-Kart_Opera-Bilde_2025-01-08_113359_www.google.no_.png\" target=\"_blank\" rel=\" noreferrer noopener\"><img loading=\"lazy\" decoding=\"async\" width=\"640\" height=\"572\" src=\"https:\/\/oma.skoletjenesten.no\/wp-content\/uploads\/2025\/01\/20_PKnavn_Isle-of-Man-Kart_Opera-Bilde_2025-01-08_113359_www.google.no_.png\" alt=\"\" class=\"wp-image-1215\" srcset=\"https:\/\/oma.skoletjenesten.no\/wp-content\/uploads\/2025\/01\/20_PKnavn_Isle-of-Man-Kart_Opera-Bilde_2025-01-08_113359_www.google.no_.png 640w, https:\/\/oma.skoletjenesten.no\/wp-content\/uploads\/2025\/01\/20_PKnavn_Isle-of-Man-Kart_Opera-Bilde_2025-01-08_113359_www.google.no_-300x268.png 300w\" sizes=\"auto, (max-width: 640px) 100vw, 640px\" \/><\/a><figcaption class=\"wp-element-caption\">Isle of Person.<\/figcaption><\/figure>\n<\/div>\n<\/div>\n\n\n\n<p><a href=\"mailto:ttt@skoletjenesten.no?cc=&amp;bcc=&amp;subject=Vv%202\/02&amp;amptarget=\"><em>Kommenter denne notisen<\/em><\/a><\/p>\n\n\n\n<p class=\"has-text-align-center\">\u058e\u058e\u058e<\/p>\n\n\n\n<p><em><strong>Vv 3: <\/strong>.<\/em> Kadettangen kjernekraftverk ble f\u00f8rste gang <a href=\"https:\/\/torgeirs-tanker.skoletjenesten.no\/kadettangen-kjernekraftverk\/\" data-type=\"link\" data-id=\"https:\/\/torgeirs-tanker.skoletjenesten.no\/kadettangen-kjernekraftverk\/\" target=\"_blank\" rel=\"noreferrer noopener\">omtalt her i bloggen<\/a> for omtrent to \u00e5r siden. Det er en \u00abkinderegg\u00bb-l\u00f8sning: Kontinuerlig oppvarming av idrettsplassen opp\u00e5 kraftverket, kontinuerlig kj\u00f8levannstilf\u00f8rsel fra Sandvikselva og kortreist kraft til Sandvika-omr\u00e5det. Som bildet til h\u00f8yre nedenfor viser, er det ogs\u00e5 plass til et slikt anlegg p\u00e5 Nadderud stadion. Med et sted som <em>Bekke<\/em>stua i n\u00e6rheten burde ikke kj\u00f8levann v\u00e6re noe problem der heller.<\/p>\n\n\n\n<div class=\"wp-block-columns is-layout-flex wp-container-core-columns-is-layout-9d6595d7 wp-block-columns-is-layout-flex\">\n<div class=\"wp-block-column is-layout-flow wp-block-column-is-layout-flow\">\n<figure class=\"wp-block-image size-large is-style-twentytwentyone-border\"><a href=\"https:\/\/oma.skoletjenesten.no\/wp-content\/uploads\/2024\/11\/10_Kadettangen-kjernekraftverk.jpg\" target=\"_blank\" rel=\" noreferrer noopener\"><img loading=\"lazy\" decoding=\"async\" width=\"1024\" height=\"524\" src=\"https:\/\/oma.skoletjenesten.no\/wp-content\/uploads\/2024\/11\/10_Kadettangen-kjernekraftverk-1024x524.jpg\" alt=\"\" class=\"wp-image-784\" srcset=\"https:\/\/oma.skoletjenesten.no\/wp-content\/uploads\/2024\/11\/10_Kadettangen-kjernekraftverk-1024x524.jpg 1024w, https:\/\/oma.skoletjenesten.no\/wp-content\/uploads\/2024\/11\/10_Kadettangen-kjernekraftverk-300x154.jpg 300w, https:\/\/oma.skoletjenesten.no\/wp-content\/uploads\/2024\/11\/10_Kadettangen-kjernekraftverk-768x393.jpg 768w, https:\/\/oma.skoletjenesten.no\/wp-content\/uploads\/2024\/11\/10_Kadettangen-kjernekraftverk.jpg 1406w\" sizes=\"auto, (max-width: 1024px) 100vw, 1024px\" \/><\/a><figcaption class=\"wp-element-caption\">Slik kan Kadettangen kjernekraftek bli seende ut.<\/figcaption><\/figure>\n<\/div>\n\n\n\n<div class=\"wp-block-column is-layout-flow wp-block-column-is-layout-flow\">\n<figure class=\"wp-block-image size-large is-style-twentytwentyone-border\"><a href=\"https:\/\/oma.skoletjenesten.no\/wp-content\/uploads\/2025\/01\/30_KKV-Nadderud-_Opera-Bilde_2024-11-17_230524_e-avis.aftenposten.no_.png\" target=\"_blank\" rel=\" noreferrer noopener\"><img loading=\"lazy\" decoding=\"async\" width=\"1024\" height=\"581\" src=\"https:\/\/oma.skoletjenesten.no\/wp-content\/uploads\/2025\/01\/30_KKV-Nadderud-_Opera-Bilde_2024-11-17_230524_e-avis.aftenposten.no_-1024x581.png\" alt=\"\" class=\"wp-image-1217\" srcset=\"https:\/\/oma.skoletjenesten.no\/wp-content\/uploads\/2025\/01\/30_KKV-Nadderud-_Opera-Bilde_2024-11-17_230524_e-avis.aftenposten.no_-1024x581.png 1024w, https:\/\/oma.skoletjenesten.no\/wp-content\/uploads\/2025\/01\/30_KKV-Nadderud-_Opera-Bilde_2024-11-17_230524_e-avis.aftenposten.no_-300x170.png 300w, https:\/\/oma.skoletjenesten.no\/wp-content\/uploads\/2025\/01\/30_KKV-Nadderud-_Opera-Bilde_2024-11-17_230524_e-avis.aftenposten.no_-768x436.png 768w, https:\/\/oma.skoletjenesten.no\/wp-content\/uploads\/2025\/01\/30_KKV-Nadderud-_Opera-Bilde_2024-11-17_230524_e-avis.aftenposten.no_.png 1397w\" sizes=\"auto, (max-width: 1024px) 100vw, 1024px\" \/><\/a><figcaption class=\"wp-element-caption\">Nadderud stadion har plass til samme slags kjernekraftverk som Kadettangen.<\/figcaption><\/figure>\n<\/div>\n<\/div>\n\n\n\n<p><a href=\"mailto:ttt@skoletjenesten.no?cc=&amp;bcc=&amp;subject=Vv%203\/02&amp;amptarget=\"><em>Kommenter denne notisen<\/em><\/a><\/p>\n\n\n\n<p class=\"has-text-align-center\">\u058e\u058e\u058e<\/p>\n\n\n<div class=\"wp-block-image is-style-twentytwentyone-border\">\n<figure class=\"alignright size-full\"><a href=\"http:\/\/torgeirs-tanker.skoletjenesten.no\/wp-content\/uploads\/2025\/01\/40_Lege-i-Baerum-150-aar-siden_1925-0112_Budstikka_12-01-1925_print.pdf\" target=\"_blank\" rel=\" noreferrer noopener\"><img loading=\"lazy\" decoding=\"async\" width=\"593\" height=\"858\" src=\"https:\/\/oma.skoletjenesten.no\/wp-content\/uploads\/2025\/01\/40_Lege-i-Baerum-150-aar-siden.jpg\" alt=\"\" class=\"wp-image-1218\" srcset=\"https:\/\/oma.skoletjenesten.no\/wp-content\/uploads\/2025\/01\/40_Lege-i-Baerum-150-aar-siden.jpg 593w, https:\/\/oma.skoletjenesten.no\/wp-content\/uploads\/2025\/01\/40_Lege-i-Baerum-150-aar-siden-207x300.jpg 207w\" sizes=\"auto, (max-width: 593px) 100vw, 593px\" \/><\/a><figcaption class=\"wp-element-caption\">Asker og B\u00e6rums Budstikke 12. januar 1925. Klikk for \u00e5 lese.<\/figcaption><\/figure>\n<\/div>\n\n\n<p><strong><em>Vv 4: Sandvika-lege.<\/em><\/strong> Dr. Christian August Schmidt holdt til p\u00e5 L\u00f8kketangen, \u00abi den hyggelige, lune gaard vis a. vis L\u00f8kke\u00bb. Det var kanskje der dr. Tho holdt til i bloggerens barndom. I et stort oppslag i Asker og B\u00e6rums Budstikke for 100 \u00e5r siden forteller han om det \u00e5 v\u00e6re lege i B\u00e6rum i ti\u00e5rene f\u00f8r og etter forrige \u00e5rhundreskifte.<\/p>\n\n\n\n<p>.<\/p>\n\n\n\n<p>.<\/p>\n\n\n\n<p><a href=\"mailto:ttt@skoletjenesten.no?cc=&amp;bcc=&amp;subject=Vv%204\/02&amp;amptarget=\"><em>Kommenter denne notisen<\/em><\/a><\/p>\n\n\n\n<p class=\"has-text-align-center\">\u058e\u058e\u058e<\/p>\n\n\n<div class=\"wp-block-image is-style-twentytwentyone-border\">\n<figure class=\"alignright size-full\"><a href=\"https:\/\/oma.skoletjenesten.no\/wp-content\/uploads\/2025\/01\/50_Deaktiver-lydfoebedringer_OK.jpg\" target=\"_blank\" rel=\" noreferrer noopener\"><img loading=\"lazy\" decoding=\"async\" width=\"721\" height=\"547\" src=\"https:\/\/oma.skoletjenesten.no\/wp-content\/uploads\/2025\/01\/50_Deaktiver-lydfoebedringer_OK.jpg\" alt=\"\" class=\"wp-image-1219\" srcset=\"https:\/\/oma.skoletjenesten.no\/wp-content\/uploads\/2025\/01\/50_Deaktiver-lydfoebedringer_OK.jpg 721w, https:\/\/oma.skoletjenesten.no\/wp-content\/uploads\/2025\/01\/50_Deaktiver-lydfoebedringer_OK-300x228.jpg 300w\" sizes=\"auto, (max-width: 721px) 100vw, 721px\" \/><\/a><figcaption class=\"wp-element-caption\">Klikk for tekst i lesbar st\u00f8rrelse.<\/figcaption><\/figure>\n<\/div>\n\n\n<p id=\"windows\"><strong><em>Vv 5: Windows.<\/em><\/strong> Bildet ved siden av (fra hjelpefunksjonen i Windows 10) fikk bloggeren til \u00e5 tenke p\u00e5 den sanne(?) historien om helikopteret som var p\u00e5 villstr\u00e5, og som derfor hang i luften utenfor en stor kontorbygning mens mannskapet viste en plakat med teksten \u00abhvor er vi?\u00bb Snart kom en plakat i et av vinduene p\u00e5 bygningen: \u00abi et helikopter\u00bb. F\u00f8lgende replikkveksling utspant seg da om bord i helikopteret:<br> &#8211; Vi er ved Windows-hovedkvarteret.<br> &#8211; Hvordan vet du det?<br> &#8211; Vi fikk informasjon, men den var uten verdi.<\/p>\n\n\n\n<p><a href=\"mailto:ttt@skoletjenesten.no?cc=&amp;bcc=&amp;subject=Vv%205\/02&amp;amptarget=\"><em>Kommenter denne notisen<\/em><\/a><\/p>\n\n\n\n<p class=\"has-text-align-center\">\u058e\u058e\u058e<\/p>\n\n\n\n<p><strong><em>Vv 6: G\u00e5te.<\/em><\/strong> Svaret p\u00e5 g\u00e5ten \u00abHvilken vekt m\u00e5 man ha for ikke \u00e5 falle?\u00bb er selvsagt <em>likevekt<\/em>. Det kan de si som ikke er s\u00e5 ubalansert som bloggeren.<\/p>\n\n\n\n<p><a href=\"mailto:ttt@skoletjenesten.no?cc=&amp;bcc=&amp;subject=Vv%206\/02&amp;amptarget=\"><em>Kommenter denne notisen<\/em><\/a><\/p>\n\n\n\n<p class=\"has-text-align-center\">\u058e\u058e\u058e<\/p>\n\n\n\n<p><strong><em>Vv 7: Ordenstall.<\/em><\/strong> Chetan Rastogi i den skattefinansierte radiokanalen NRK avsl\u00f8rer jevnlig at morsm\u00e5let hans ikke er norsk. Da kan et uttrykk som \u00abfor 82. gang\u00bb by p\u00e5 utfordringer\/problemer. For NRK er Rastogis versjon grei nok; opptaket nedenfor er fra reprisen.<\/p>\n\n\n\n<figure class=\"wp-block-audio\"><audio controls src=\"https:\/\/oma.skoletjenesten.no\/wp-content\/uploads\/2025\/01\/70_Ordenstall-toende_250106_NRK-AlltidNyheter_ChetanRastogi_Studdiointro.mp3\"><\/audio><\/figure>\n\n\n\n<p><a href=\"mailto:ttt@skoletjenesten.no?cc=&amp;bcc=&amp;subject=Vv%207\/02&amp;amptarget=\"><em>Kommenter denne notisen<\/em><\/a><\/p>\n\n\n\n<p class=\"has-text-align-center\">\u058e\u058e\u058e<\/p>\n\n\n\n<figure class=\"wp-block-image size-large is-style-twentytwentyone-border\"><img loading=\"lazy\" decoding=\"async\" width=\"1024\" height=\"768\" src=\"https:\/\/oma.skoletjenesten.no\/wp-content\/uploads\/2025\/01\/80_Langset_1963.-Kloakkutloepjpg-1024x768.jpg\" alt=\"\" class=\"wp-image-1225\" srcset=\"https:\/\/oma.skoletjenesten.no\/wp-content\/uploads\/2025\/01\/80_Langset_1963.-Kloakkutloepjpg-1024x768.jpg 1024w, https:\/\/oma.skoletjenesten.no\/wp-content\/uploads\/2025\/01\/80_Langset_1963.-Kloakkutloepjpg-300x225.jpg 300w, https:\/\/oma.skoletjenesten.no\/wp-content\/uploads\/2025\/01\/80_Langset_1963.-Kloakkutloepjpg-768x576.jpg 768w, https:\/\/oma.skoletjenesten.no\/wp-content\/uploads\/2025\/01\/80_Langset_1963.-Kloakkutloepjpg-1536x1152.jpg 1536w, https:\/\/oma.skoletjenesten.no\/wp-content\/uploads\/2025\/01\/80_Langset_1963.-Kloakkutloepjpg-1568x1176.jpg 1568w, https:\/\/oma.skoletjenesten.no\/wp-content\/uploads\/2025\/01\/80_Langset_1963.-Kloakkutloepjpg.jpg 2048w\" sizes=\"auto, (max-width: 1024px) 100vw, 1024px\" \/><figcaption class=\"wp-element-caption\">P\u00e5 bildet ovenfor (fra 1963) er kloakkutl\u00f8pet innringet med r\u00f8dt.<\/figcaption><\/figure>\n\n\n<div class=\"wp-block-image is-style-twentytwentyone-border\">\n<figure class=\"alignright size-full\"><img loading=\"lazy\" decoding=\"async\" width=\"865\" height=\"905\" src=\"https:\/\/oma.skoletjenesten.no\/wp-content\/uploads\/2025\/01\/80_Isvarsel_1925-0112_Budstikka_Side-3.jpg\" alt=\"\" class=\"wp-image-1222\" srcset=\"https:\/\/oma.skoletjenesten.no\/wp-content\/uploads\/2025\/01\/80_Isvarsel_1925-0112_Budstikka_Side-3.jpg 865w, https:\/\/oma.skoletjenesten.no\/wp-content\/uploads\/2025\/01\/80_Isvarsel_1925-0112_Budstikka_Side-3-287x300.jpg 287w, https:\/\/oma.skoletjenesten.no\/wp-content\/uploads\/2025\/01\/80_Isvarsel_1925-0112_Budstikka_Side-3-768x804.jpg 768w\" sizes=\"auto, (max-width: 865px) 100vw, 865px\" \/><figcaption class=\"wp-element-caption\">Asker og B\u00e6rums Budstikke 12. januar 1925.<\/figcaption><\/figure>\n<\/div>\n\n\n<p><strong><em>Vv 8: Kloakkutl\u00f8p.<\/em><\/strong> For hundre \u00e5r siden kom kloakken fra eiendommene i Sandviks\u00e5sen ut i Sandviksbukta nedenfor Langset (klippet ved siden av). Det gjorde den fremdeles ta bloggeren var barn, som man kan se av bildet ovenfor.<\/p>\n\n\n\n<p><a href=\"mailto:ttt@skoletjenesten.no?cc=&amp;bcc=&amp;subject=Vv%208\/02&amp;amptarget=\"><em>Kommenter denne notisen<\/em><\/a><\/p>\n\n\n\n<p class=\"has-text-align-center\">\u058e\u058e\u058e<\/p>\n\n\n\n<p><strong><em>Vv 9: Sprudlevann.<\/em><\/strong> En fru Johaug har gjort seg gjeldende i internasjonale skirenn nylig. Men kan det v\u00e6re n\u00f8dvendig \u00e5 opptre s\u00e5 ukultivert som klippet nedenfor viser, n\u00e5r man h\u00e5ndterer en ny\u00e5pnet champagneflaske? Se ogs\u00e5 <em><a href=\"http:\/\/ttt.skoletjenesten.no\/champagne\/\" data-type=\"link\" data-id=\"http:\/\/ttt.skoletjenesten.no\/champagne\/\" target=\"_blank\" rel=\"noreferrer noopener\">Champagne<\/a><\/em> fra desember 2016.<\/p>\n\n\n\n<figure class=\"wp-block-video\"><video height=\"406\" style=\"aspect-ratio: 718 \/ 406;\" width=\"718\" controls src=\"https:\/\/oma.skoletjenesten.no\/wp-content\/uploads\/2025\/01\/90_Johaug-champagne_250105_NRK-DagsrevyenSport.mp4\"><\/video><figcaption class=\"wp-element-caption\">Fra NRK Dagsrevyen 5. januar 2025.<\/figcaption><\/figure>\n\n\n\n<p><a href=\"mailto:ttt@skoletjenesten.no?cc=&amp;bcc=&amp;subject=Vv%209\/02&amp;amptarget=\"><em>Kommenter denne notisen<\/em><\/a><\/p>\n\n\n\n<div style=\"height:100px\" aria-hidden=\"true\" class=\"wp-block-spacer\"><\/div>\n\n\n\n<hr class=\"wp-block-separator has-alpha-channel-opacity\"\/>\n\n\n\n<p class=\"has-text-align-center\"><em><a href=\"https:\/\/oma.skoletjenesten.no\/?p=1177\">Til innholdsliste for denne utgaven<\/a><\/em><\/p>\n","protected":false},"excerpt":{"rendered":"<p>Denne spalten het tidligere Alternative fakta, som fortsatt er kategori-betegnelsen. I Alternative fakta l\u00e5 vekten ofte mer p\u00e5 det alternative enn p\u00e5 fakta. Her i Virtuell virkelighet kan vekten&nbsp; ligge mer p\u00e5 det virtuelle enn p\u00e5 virkeligheten. Navneskiftet ble forklart i siste utgave av Alternative fakta 15. januar 2021. Vv 1: Lever\u00e5d. En god m\u00e5te&hellip; <a class=\"more-link\" href=\"https:\/\/oma.skoletjenesten.no\/?p=1213\">Fortsett \u00e5 lese <span class=\"screen-reader-text\">Virtuell virkelighet 2\/25<\/span><\/a><\/p>\n","protected":false},"author":1,"featured_media":0,"comment_status":"open","ping_status":"open","sticky":false,"template":"","format":"standard","meta":{"footnotes":""},"categories":[11],"tags":[],"class_list":["post-1213","post","type-post","status-publish","format-standard","hentry","category-alternative-fakta","entry"],"_links":{"self":[{"href":"https:\/\/oma.skoletjenesten.no\/index.php?rest_route=\/wp\/v2\/posts\/1213","targetHints":{"allow":["GET"]}}],"collection":[{"href":"https:\/\/oma.skoletjenesten.no\/index.php?rest_route=\/wp\/v2\/posts"}],"about":[{"href":"https:\/\/oma.skoletjenesten.no\/index.php?rest_route=\/wp\/v2\/types\/post"}],"author":[{"embeddable":true,"href":"https:\/\/oma.skoletjenesten.no\/index.php?rest_route=\/wp\/v2\/users\/1"}],"replies":[{"embeddable":true,"href":"https:\/\/oma.skoletjenesten.no\/index.php?rest_route=%2Fwp%2Fv2%2Fcomments&post=1213"}],"version-history":[{"count":6,"href":"https:\/\/oma.skoletjenesten.no\/index.php?rest_route=\/wp\/v2\/posts\/1213\/revisions"}],"predecessor-version":[{"id":1726,"href":"https:\/\/oma.skoletjenesten.no\/index.php?rest_route=\/wp\/v2\/posts\/1213\/revisions\/1726"}],"wp:attachment":[{"href":"https:\/\/oma.skoletjenesten.no\/index.php?rest_route=%2Fwp%2Fv2%2Fmedia&parent=1213"}],"wp:term":[{"taxonomy":"category","embeddable":true,"href":"https:\/\/oma.skoletjenesten.no\/index.php?rest_route=%2Fwp%2Fv2%2Fcategories&post=1213"},{"taxonomy":"post_tag","embeddable":true,"href":"https:\/\/oma.skoletjenesten.no\/index.php?rest_route=%2Fwp%2Fv2%2Ftags&post=1213"}],"curies":[{"name":"wp","href":"https:\/\/api.w.org\/{rel}","templated":true}]}}