{"id":1181,"date":"2025-01-10T10:02:56","date_gmt":"2025-01-10T10:02:56","guid":{"rendered":"https:\/\/oma.skoletjenesten.no\/?p=1181"},"modified":"2025-01-11T12:07:54","modified_gmt":"2025-01-11T12:07:54","slug":"en-brigade-to-organisasjoner-tre-musikere","status":"publish","type":"post","link":"https:\/\/oma.skoletjenesten.no\/?p=1181","title":{"rendered":"\u00c9n brigade, to organisasjoner, tre musikere"},"content":{"rendered":"<div class=\"wp-block-image\">\n<figure class=\"alignright size-large\"><img loading=\"lazy\" decoding=\"async\" width=\"1022\" height=\"1024\" src=\"https:\/\/oma.skoletjenesten.no\/wp-content\/uploads\/2025\/01\/Tysklandsbrig-KNM-SVALBARD_standard_FMU.403038-1022x1024.png\" alt=\"\" class=\"wp-image-1203\" srcset=\"https:\/\/oma.skoletjenesten.no\/wp-content\/uploads\/2025\/01\/Tysklandsbrig-KNM-SVALBARD_standard_FMU.403038-1022x1024.png 1022w, https:\/\/oma.skoletjenesten.no\/wp-content\/uploads\/2025\/01\/Tysklandsbrig-KNM-SVALBARD_standard_FMU.403038-300x300.png 300w, https:\/\/oma.skoletjenesten.no\/wp-content\/uploads\/2025\/01\/Tysklandsbrig-KNM-SVALBARD_standard_FMU.403038-150x150.png 150w, https:\/\/oma.skoletjenesten.no\/wp-content\/uploads\/2025\/01\/Tysklandsbrig-KNM-SVALBARD_standard_FMU.403038-768x769.png 768w, https:\/\/oma.skoletjenesten.no\/wp-content\/uploads\/2025\/01\/Tysklandsbrig-KNM-SVALBARD_standard_FMU.403038.png 1198w\" sizes=\"auto, (max-width: 1022px) 100vw, 1022px\" \/><figcaption class=\"wp-element-caption\">Soldater fra Tysklandsbrigaden g\u00e5r i land fra KNM SVALBARD.<\/figcaption><\/figure>\n<\/div>\n\n\n<p>Bloggeren var for ung (6 m\u00e5neder gammel) til \u00e5 delta i <a href=\"https:\/\/snl.no\/Tysklandsbrigaden\" data-type=\"link\" data-id=\"https:\/\/snl.no\/Tysklandsbrigaden\" target=\"_blank\" rel=\"noreferrer noopener\">Tysklandsbrigaden<\/a>, som sendte sin f\u00f8rste kontingent p\u00e5 dagens dato i 1947. KNM SVALBARD var anskaffet og ombygd til transportform\u00e5let, og avdelingen ble f\u00f8rst stasjonert lengst \u00f8st i den britiske okkupasjonssonen i Tyskland. Da bloggeren ble gammel nok, tjenestegjorde han en periode under f\u00f8rstegangstjenesten i Brig N (Brigade nord), som var fortsettelsen av Tysklandsbrigaden.<\/p>\n\n\n\n<p>Et viktig bidrag til den allierte seieren som gjorde at Tyskland ble okkupert av bl. a. Tysklandsbrigaden etter krigen, var <em><a href=\"https:\/\/snl.no\/l\u00e5ne-_og_leieloven\" data-type=\"link\" data-id=\"https:\/\/snl.no\/l\u00e5ne-_og_leieloven\" target=\"_blank\" rel=\"noreferrer noopener\">l\u00e5ne- og leieavtalen<\/a><\/em>. Den ble initiert av USAs president Franklin D. Roosevelt p\u00e5 dagens dato i 1941, og sikret Storbritannia (som var i krig med Tyskland) krigsmateriell fra USA (n\u00f8ytralt til desember 1941) til overkommelig pris. Dagens st\u00f8tte til Ukrainas krigf\u00f8ring er vel ikke s\u00e5 veldig annerledes.<\/p>\n\n\n\n<p>Etter 1. verdenskrig ble Folkeforbundet opprettet p\u00e5 dagens dato i 1920. Folkeforbundet var mellomkrigstidens forl\u00f8per for FN, som \u00e5pnet sin f\u00f8rste generalforsamling i New York p\u00e5 dagens dato i 1946.<\/p>\n\n\n\n<div class=\"wp-block-columns is-layout-flex wp-container-core-columns-is-layout-9d6595d7 wp-block-columns-is-layout-flex\">\n<div class=\"wp-block-column is-layout-flow wp-block-column-is-layout-flow\">\n<figure class=\"wp-block-image size-full\"><img loading=\"lazy\" decoding=\"async\" width=\"250\" height=\"167\" src=\"https:\/\/oma.skoletjenesten.no\/wp-content\/uploads\/2025\/01\/Folkeforbundet-logo.png\" alt=\"\" class=\"wp-image-1204\"\/><\/figure>\n<\/div>\n\n\n\n<div class=\"wp-block-column is-layout-flow wp-block-column-is-layout-flow\">\n<figure class=\"wp-block-image size-full\"><img loading=\"lazy\" decoding=\"async\" width=\"330\" height=\"347\" src=\"https:\/\/oma.skoletjenesten.no\/wp-content\/uploads\/2025\/01\/FN-Logo_united-nations-6231733_1280_OK.jpg\" alt=\"\" class=\"wp-image-1206\" srcset=\"https:\/\/oma.skoletjenesten.no\/wp-content\/uploads\/2025\/01\/FN-Logo_united-nations-6231733_1280_OK.jpg 330w, https:\/\/oma.skoletjenesten.no\/wp-content\/uploads\/2025\/01\/FN-Logo_united-nations-6231733_1280_OK-285x300.jpg 285w\" sizes=\"auto, (max-width: 330px) 100vw, 330px\" \/><\/figure>\n<\/div>\n<\/div>\n\n\n\n<p>Det er musikerdag ogs\u00e5 i dag. Munnspilleren Sigmund Groven har navnedag, det er 86 \u00e5r siden Scott McKenzie (1939-2012) ble f\u00f8dt, og \u00e5tte \u00e5r siden David Bowie d\u00f8de.<\/p>\n\n\n\n<div class=\"wp-block-columns is-layout-flex wp-container-core-columns-is-layout-9d6595d7 wp-block-columns-is-layout-flex\">\n<div class=\"wp-block-column is-layout-flow wp-block-column-is-layout-flow\">\n<figure class=\"wp-block-embed is-type-video is-provider-youtube wp-block-embed-youtube wp-embed-aspect-4-3 wp-has-aspect-ratio\"><div class=\"wp-block-embed__wrapper\">\n<iframe loading=\"lazy\" title=\"Ut P\u00e5 Tur\" width=\"750\" height=\"563\" src=\"https:\/\/www.youtube.com\/embed\/bUZBO86YeFQ?feature=oembed\" frameborder=\"0\" allow=\"accelerometer; autoplay; clipboard-write; encrypted-media; gyroscope; picture-in-picture; web-share\" referrerpolicy=\"strict-origin-when-cross-origin\" allowfullscreen><\/iframe>\n<\/div><figcaption class=\"wp-element-caption\">Sigmund Groven sto bak kjenningsmelodien til siste runde med <em>S\u00f8ndagsavisen<\/em> i NRK.<\/figcaption><\/figure>\n<\/div>\n\n\n\n<div class=\"wp-block-column is-layout-flow wp-block-column-is-layout-flow\">\n<figure class=\"wp-block-embed is-type-video is-provider-youtube wp-block-embed-youtube wp-embed-aspect-16-9 wp-has-aspect-ratio\"><div class=\"wp-block-embed__wrapper\">\n<iframe loading=\"lazy\" title=\"San Francisco - Scott McKenzie\" width=\"750\" height=\"422\" src=\"https:\/\/www.youtube.com\/embed\/7I0vkKy504U?feature=oembed\" frameborder=\"0\" allow=\"accelerometer; autoplay; clipboard-write; encrypted-media; gyroscope; picture-in-picture; web-share\" referrerpolicy=\"strict-origin-when-cross-origin\" allowfullscreen><\/iframe>\n<\/div><figcaption class=\"wp-element-caption\">Scott McKenzie er kanskje mest kjent for <em>San Francisco<\/em>.<\/figcaption><\/figure>\n<\/div>\n\n\n\n<div class=\"wp-block-column is-layout-flow wp-block-column-is-layout-flow\">\n<figure class=\"wp-block-embed is-type-video is-provider-youtube wp-block-embed-youtube wp-embed-aspect-4-3 wp-has-aspect-ratio\"><div class=\"wp-block-embed__wrapper\">\n<iframe loading=\"lazy\" title=\"David Bowie \u2013 Space Oddity (Official Video)\" width=\"750\" height=\"563\" src=\"https:\/\/www.youtube.com\/embed\/iYYRH4apXDo?feature=oembed\" frameborder=\"0\" allow=\"accelerometer; autoplay; clipboard-write; encrypted-media; gyroscope; picture-in-picture; web-share\" referrerpolicy=\"strict-origin-when-cross-origin\" allowfullscreen><\/iframe>\n<\/div><figcaption class=\"wp-element-caption\">David Bowies <em>Space Oddity<\/em> har en intro som likner litt p\u00e5 <em>San Francisco<\/em>s intro.<\/figcaption><\/figure>\n<\/div>\n<\/div>\n\n\n\n<hr class=\"wp-block-separator has-alpha-channel-opacity\"\/>\n\n\n\n<p class=\"has-text-align-center\"><em><a href=\"https:\/\/oma.skoletjenesten.no\/?p=1177\">Til innholdsliste for denne utgaven<\/a><\/em><\/p>\n\n\n\n<p><\/p>\n","protected":false},"excerpt":{"rendered":"<p>Bloggeren var for ung (6 m\u00e5neder gammel) til \u00e5 delta i Tysklandsbrigaden, som sendte sin f\u00f8rste kontingent p\u00e5 dagens dato i 1947. KNM SVALBARD var anskaffet og ombygd til transportform\u00e5let, og avdelingen ble f\u00f8rst stasjonert lengst \u00f8st i den britiske okkupasjonssonen i Tyskland. Da bloggeren ble gammel nok, tjenestegjorde han en periode under f\u00f8rstegangstjenesten i&hellip; <a class=\"more-link\" href=\"https:\/\/oma.skoletjenesten.no\/?p=1181\">Fortsett \u00e5 lese <span class=\"screen-reader-text\">\u00c9n brigade, to organisasjoner, tre musikere<\/span><\/a><\/p>\n","protected":false},"author":1,"featured_media":0,"comment_status":"open","ping_status":"open","sticky":false,"template":"","format":"standard","meta":{"footnotes":""},"categories":[10],"tags":[],"class_list":["post-1181","post","type-post","status-publish","format-standard","hentry","category-dagen-i-dag","entry"],"_links":{"self":[{"href":"https:\/\/oma.skoletjenesten.no\/index.php?rest_route=\/wp\/v2\/posts\/1181","targetHints":{"allow":["GET"]}}],"collection":[{"href":"https:\/\/oma.skoletjenesten.no\/index.php?rest_route=\/wp\/v2\/posts"}],"about":[{"href":"https:\/\/oma.skoletjenesten.no\/index.php?rest_route=\/wp\/v2\/types\/post"}],"author":[{"embeddable":true,"href":"https:\/\/oma.skoletjenesten.no\/index.php?rest_route=\/wp\/v2\/users\/1"}],"replies":[{"embeddable":true,"href":"https:\/\/oma.skoletjenesten.no\/index.php?rest_route=%2Fwp%2Fv2%2Fcomments&post=1181"}],"version-history":[{"count":8,"href":"https:\/\/oma.skoletjenesten.no\/index.php?rest_route=\/wp\/v2\/posts\/1181\/revisions"}],"predecessor-version":[{"id":1230,"href":"https:\/\/oma.skoletjenesten.no\/index.php?rest_route=\/wp\/v2\/posts\/1181\/revisions\/1230"}],"wp:attachment":[{"href":"https:\/\/oma.skoletjenesten.no\/index.php?rest_route=%2Fwp%2Fv2%2Fmedia&parent=1181"}],"wp:term":[{"taxonomy":"category","embeddable":true,"href":"https:\/\/oma.skoletjenesten.no\/index.php?rest_route=%2Fwp%2Fv2%2Fcategories&post=1181"},{"taxonomy":"post_tag","embeddable":true,"href":"https:\/\/oma.skoletjenesten.no\/index.php?rest_route=%2Fwp%2Fv2%2Ftags&post=1181"}],"curies":[{"name":"wp","href":"https:\/\/api.w.org\/{rel}","templated":true}]}}