{"id":1106,"date":"2024-12-27T10:01:03","date_gmt":"2024-12-27T10:01:03","guid":{"rendered":"https:\/\/oma.skoletjenesten.no\/?p=1106"},"modified":"2024-12-28T16:51:14","modified_gmt":"2024-12-28T16:51:14","slug":"virtuell-virkelighet-51-24","status":"publish","type":"post","link":"https:\/\/oma.skoletjenesten.no\/?p=1106","title":{"rendered":"Virtuell virkelighet 51\/24"},"content":{"rendered":"\n<p><small>Denne spalten het tidligere <em>Alternative fakta<\/em>, som fortsatt er kategori-betegnelsen. I<em> Alternative fakta<\/em> l\u00e5 vekten ofte mer p\u00e5 det alternative enn p\u00e5 fakta. Her i <em>Virtuell virkelighet<\/em> kan vekten&nbsp; ligge mer p\u00e5 det virtuelle enn p\u00e5 virkeligheten.<\/small><\/p>\n\n\n\n<p><small>Navneskiftet ble forklart i <a href=\"http:\/\/ttt.skoletjenesten.no\/alternative-fakta-3-21\/\" target=\"_blank\" rel=\"noreferrer noopener\">siste utgave av Alternative fakta 15. januar 2021<\/a>.<\/small><\/p>\n\n\n\n<hr class=\"wp-block-separator has-alpha-channel-opacity\"\/>\n\n\n\n<p><strong><em>Vv 1: Ministerprat. <\/em><\/strong> Arbeids- og integreringsminister Tonje Brenna har f\u00e5tt en notis i denne utgavens <em>Tilbakeblikk<\/em>. Der sier hun faktisk at oljearbeidere ikke b\u00f8r behandles p\u00e5 ordentlig m\u00e5te. Det er i hvert fall betydningen  av hennes utsagn \u00ab \u2026det skulle bare mangle at vi kommer de i m\u00f8te p\u00e5 en ordentlig og god m\u00e5te\u00bb.<\/p>\n\n\n\n<p><a href=\"mailto:ttt@skoletjenesten.no?cc=&amp;bcc=&amp;subject=Vv%201\/51&amp;amptarget=\"><em>Kommenter denne notisen<\/em><\/a><\/p>\n\n\n\n<p class=\"has-text-align-center\">\u058e\u058e\u058e<\/p>\n\n\n<div class=\"wp-block-image is-style-twentytwentyone-border\">\n<figure class=\"alignright size-full\"><img loading=\"lazy\" decoding=\"async\" width=\"186\" height=\"193\" src=\"https:\/\/oma.skoletjenesten.no\/wp-content\/uploads\/2024\/12\/20_Julehaarboyle_OK_Opera-Bilde_2024-12-14_210544_tv.nrk_.no_.jpg\" alt=\"\" class=\"wp-image-1107\"\/><\/figure>\n<\/div>\n\n\n<p><strong><em>Vv 2: Julebutikk.<\/em><\/strong> Bloggeren priser seg lykkelig over at han ikke arbeider i butikk. Tendensen er nemlig n\u00e5 at de ansatte m\u00e5 if\u00f8re seg sesongkostyme. F\u00f8r jul i fjor gikk opptil flere butikkansatte med nisselue eller hodepryd som skulle forestille reinsdyrhorn (julen er som kjent en samisk h\u00f8ytid). Bildet ved siden av viser en som i \u00e5r sto frem p\u00e5 riksdekkende fargefjernsyn, men han var visst butikksjef.<\/p>\n\n\n\n<p><a href=\"mailto:ttt@skoletjenesten.no?cc=&amp;bcc=&amp;subject=Vv%202\/51&amp;amptarget=\"><em>Kommenter denne notisen<\/em><\/a><\/p>\n\n\n\n<p class=\"has-text-align-center\">\u058e\u058e\u058e<\/p>\n\n\n<div class=\"wp-block-image is-style-twentytwentyone-border\">\n<figure class=\"alignright size-full\"><img loading=\"lazy\" decoding=\"async\" width=\"438\" height=\"154\" src=\"https:\/\/oma.skoletjenesten.no\/wp-content\/uploads\/2024\/12\/30_Boeler-LIONS_Opera-Bilde_2024-12-14_213747_e-avis.aftenposten.no_.png\" alt=\"\" class=\"wp-image-1108\" srcset=\"https:\/\/oma.skoletjenesten.no\/wp-content\/uploads\/2024\/12\/30_Boeler-LIONS_Opera-Bilde_2024-12-14_213747_e-avis.aftenposten.no_.png 438w, https:\/\/oma.skoletjenesten.no\/wp-content\/uploads\/2024\/12\/30_Boeler-LIONS_Opera-Bilde_2024-12-14_213747_e-avis.aftenposten.no_-300x105.png 300w\" sizes=\"auto, (max-width: 438px) 100vw, 438px\" \/><figcaption class=\"wp-element-caption\">Aftenposten 14. desember 2024.<\/figcaption><\/figure>\n<\/div>\n\n\n<p><strong><em>Vv 3: Navnespr\u00e5k.<\/em><\/strong> Da fotballklubben B\u00f8ler Lions (sist i tekstklippet ved siden av) ble stiftet, tok man kanskje sikte p\u00e5 internasjonalt avansement. Da burde man funnet et mer engelskvennlig navn, for eksempel <em>Boeler<\/em> Lions. Eller g\u00e5tt motstr\u00f8ms og kalt klubben B\u00f8lerl\u00f8vene.<\/p>\n\n\n\n<p><a href=\"mailto:ttt@skoletjenesten.no?cc=&amp;bcc=&amp;subject=Vv%203\/51&amp;amptarget=\"><em>Kommenter denne notisen<\/em><\/a><\/p>\n\n\n\n<p class=\"has-text-align-center\">\u058e\u058e\u058e<\/p>\n\n\n\n<p><strong><em>Vv 4: KI-tale.<\/em><\/strong> Maskinen som den skattefinansierte radiokanalen NRK bruker til \u00e5 lese oversettelser, har fortsatt ikke l\u00e6rt \u00e5 uttale USA-president Bidens etternavn. Men den har i hvert fall l\u00e6rt at enkelte vokaler ikke uttales likt p\u00e5 engelsk og p\u00e5 norsk. At de to spr\u00e5kene ikke b\u00f8r blandes, har den ikke l\u00e6rt. Derav uttalen av \u00abde store tapene\u00bb i klippet nedenfor.<\/p>\n\n\n\n<figure class=\"wp-block-audio\"><audio controls src=\"https:\/\/oma.skoletjenesten.no\/wp-content\/uploads\/2024\/12\/40_Tapene-uttalt-teipene_270223_NRK-AlltidNygeter_Talemaekin_.mp3\"><\/audio><\/figure>\n\n\n\n<p><a href=\"mailto:ttt@skoletjenesten.no?cc=&amp;bcc=&amp;subject=Vv%204\/51&amp;amptarget=\"><em>Kommenter denne notisen<\/em><\/a><\/p>\n\n\n\n<p class=\"has-text-align-center\">\u058e\u058e\u058e<\/p>\n\n\n<div class=\"wp-block-image is-style-twentytwentyone-border\">\n<figure class=\"alignright size-full\"><img loading=\"lazy\" decoding=\"async\" width=\"439\" height=\"577\" src=\"https:\/\/oma.skoletjenesten.no\/wp-content\/uploads\/2024\/12\/50_Digavis_Opera-Bilde_2024-12-14_225204_e-avis.aftenposten.no_.png\" alt=\"\" class=\"wp-image-1110\" srcset=\"https:\/\/oma.skoletjenesten.no\/wp-content\/uploads\/2024\/12\/50_Digavis_Opera-Bilde_2024-12-14_225204_e-avis.aftenposten.no_.png 439w, https:\/\/oma.skoletjenesten.no\/wp-content\/uploads\/2024\/12\/50_Digavis_Opera-Bilde_2024-12-14_225204_e-avis.aftenposten.no_-228x300.png 228w\" sizes=\"auto, (max-width: 439px) 100vw, 439px\" \/><figcaption class=\"wp-element-caption\">Aftenposten 14. desember 2024.<\/figcaption><\/figure>\n<\/div>\n\n\n<p><strong><em>Vv 5: KI-skriving?<\/em><\/strong> Aftenpostens spalte <em>Under streken<\/em> kommenterer av og til noe som har st\u00e5tt i egen avis. I klippet ved siden av ironiseres det over journalister som er vant til \u00e5 skrive for internett. De f\u00e5r problemer n\u00e5r de plutselig m\u00e5 skrive for papiravisen.<\/p>\n\n\n\n<p>.<\/p>\n\n\n\n<p>.<\/p>\n\n\n\n<p><a href=\"mailto:ttt@skoletjenesten.no?cc=&amp;bcc=&amp;subject=Vv%205\/51&amp;amptarget=\"><em>Kommenter denne notisen<\/em><\/a><\/p>\n\n\n\n<p class=\"has-text-align-center\">\u058e\u058e\u058e<\/p>\n\n\n<div class=\"wp-block-image is-style-twentytwentyone-border\">\n<figure class=\"alignright size-full\"><img loading=\"lazy\" decoding=\"async\" width=\"512\" height=\"762\" src=\"https:\/\/oma.skoletjenesten.no\/wp-content\/uploads\/2024\/12\/60_ferske_hvaler_reker_OK.jpg\" alt=\"\" class=\"wp-image-1115\" srcset=\"https:\/\/oma.skoletjenesten.no\/wp-content\/uploads\/2024\/12\/60_ferske_hvaler_reker_OK.jpg 512w, https:\/\/oma.skoletjenesten.no\/wp-content\/uploads\/2024\/12\/60_ferske_hvaler_reker_OK-202x300.jpg 202w\" sizes=\"auto, (max-width: 512px) 100vw, 512px\" \/><\/figure>\n<\/div>\n\n\n<p id=\"VV6-orddeling\"><strong><em>Vv 6: Orddeling.<\/em><\/strong> En gang i tiden (og fremdeles?) fantes en forening som het <em><a href=\"https:\/\/kampanje.com\/markedsforing\/2021\/05\/--nar-ananas-ringer\/\" data-type=\"link\" data-id=\"https:\/\/kampanje.com\/markedsforing\/2021\/05\/--nar-ananas-ringer\/\" target=\"_blank\" rel=\"noreferrer noopener\">Astronomer mot orddeling<\/a><\/em>. Skiltet p\u00e5 bildet ved siden av ville v\u00e6rt noe for dem. Det sto utenfor en fiskebutikk i Dr\u00f8bak for noen \u00e5r siden.<\/p>\n\n\n\n<p>.<\/p>\n\n\n\n<p>.<\/p>\n\n\n\n<p>.<\/p>\n\n\n\n<p><a href=\"mailto:ttt@skoletjenesten.no?cc=&amp;bcc=&amp;subject=Vv%206\/51&amp;amptarget=\"><em>Kommenter denne notisen<\/em><\/a><\/p>\n\n\n\n<p class=\"has-text-align-center\">\u058e\u058e\u058e<\/p>\n\n\n<div class=\"wp-block-image is-style-twentytwentyone-border\">\n<figure class=\"alignright size-full\"><img loading=\"lazy\" decoding=\"async\" width=\"297\" height=\"91\" src=\"https:\/\/oma.skoletjenesten.no\/wp-content\/uploads\/2024\/12\/70_Person_Opera-Bilde_2024-12-17_183654_www.aftenposten.no_.png\" alt=\"\" class=\"wp-image-1112\"\/><figcaption class=\"wp-element-caption\">Aftenposten 17. desember 2024.<\/figcaption><\/figure>\n<\/div>\n\n\n<p><strong>Vv 7: Uhellsnavn?<\/strong> Stakkars Person i overskriften ved siden av! Bloggeren trodde at Person hadde omkommet for lenge siden.<\/p>\n\n\n\n<p><a href=\"mailto:ttt@skoletjenesten.no?cc=&amp;bcc=&amp;subject=Vv%207\/51&amp;amptarget=\"><em>Kommenter denne notisen<\/em><\/a><\/p>\n\n\n\n<p class=\"has-text-align-center\">\u058e\u058e\u058e<\/p>\n\n\n<div class=\"wp-block-image is-style-twentytwentyone-border\">\n<figure class=\"alignright size-full\"><img loading=\"lazy\" decoding=\"async\" width=\"633\" height=\"379\" src=\"https:\/\/oma.skoletjenesten.no\/wp-content\/uploads\/2024\/12\/80_Se-soelvguttene_OK_Opera-Bilde_2024-12-14_204953_tv.nrk_.no_.jpg\" alt=\"\" class=\"wp-image-1113\" srcset=\"https:\/\/oma.skoletjenesten.no\/wp-content\/uploads\/2024\/12\/80_Se-soelvguttene_OK_Opera-Bilde_2024-12-14_204953_tv.nrk_.no_.jpg 633w, https:\/\/oma.skoletjenesten.no\/wp-content\/uploads\/2024\/12\/80_Se-soelvguttene_OK_Opera-Bilde_2024-12-14_204953_tv.nrk_.no_-300x180.jpg 300w\" sizes=\"auto, (max-width: 633px) 100vw, 633px\" \/><figcaption class=\"wp-element-caption\">S\u00f8lvguttene skal f\u00f8rst og fremst h\u00f8res.<\/figcaption><\/figure>\n<\/div>\n\n\n<p><strong><em>Vv 8: Sanseorgan.<\/em><\/strong> Dagsrevyen, et daglig nyhetsprogram i den skattefinansierte TV-kanalen NRK, er selvsagt bildefokusert. Men det er neppe riktig, slik programmet p\u00e5sto f\u00f8r jul, at folk g\u00e5r p\u00e5 konsert for \u00e5 <em><span style=\"text-decoration: underline;\">se<\/span><\/em> S\u00f8lvguttene.<\/p>\n\n\n\n<p><a href=\"mailto:ttt@skoletjenesten.no?cc=&amp;bcc=&amp;subject=Vv%208\/51&amp;amptarget=\"><em>Kommenter denne notisen<\/em><\/a><\/p>\n\n\n\n<p class=\"has-text-align-center\">\u058e\u058e\u058e<\/p>\n\n\n\n<p><strong><em>Vv 9: El-utstyr.<\/em><\/strong> Nye tider, nye problemer:<\/p>\n\n\n\n<figure class=\"wp-block-image size-large is-style-twentytwentyone-border\"><a href=\"https:\/\/oma.skoletjenesten.no\/wp-content\/uploads\/2024\/12\/90_Ladekontakter_241215_Opera-Bilde_2024-12-15_131057_e-avis.aftenposten.no_.png\" target=\"_blank\" rel=\" noreferrer noopener\"><img loading=\"lazy\" decoding=\"async\" width=\"1024\" height=\"364\" src=\"https:\/\/oma.skoletjenesten.no\/wp-content\/uploads\/2024\/12\/90_Ladekontakter_241215_Opera-Bilde_2024-12-15_131057_e-avis.aftenposten.no_-1024x364.png\" alt=\"\" class=\"wp-image-1114\" srcset=\"https:\/\/oma.skoletjenesten.no\/wp-content\/uploads\/2024\/12\/90_Ladekontakter_241215_Opera-Bilde_2024-12-15_131057_e-avis.aftenposten.no_-1024x364.png 1024w, https:\/\/oma.skoletjenesten.no\/wp-content\/uploads\/2024\/12\/90_Ladekontakter_241215_Opera-Bilde_2024-12-15_131057_e-avis.aftenposten.no_-300x107.png 300w, https:\/\/oma.skoletjenesten.no\/wp-content\/uploads\/2024\/12\/90_Ladekontakter_241215_Opera-Bilde_2024-12-15_131057_e-avis.aftenposten.no_-768x273.png 768w, https:\/\/oma.skoletjenesten.no\/wp-content\/uploads\/2024\/12\/90_Ladekontakter_241215_Opera-Bilde_2024-12-15_131057_e-avis.aftenposten.no_.png 1142w\" sizes=\"auto, (max-width: 1024px) 100vw, 1024px\" \/><\/a><\/figure>\n\n\n\n<p><a href=\"mailto:ttt@skoletjenesten.no?cc=&amp;bcc=&amp;subject=Vv%209\/51&amp;amptarget=\"><em>Kommenter denne notisen<\/em><\/a><\/p>\n\n\n\n<div style=\"height:100px\" aria-hidden=\"true\" class=\"wp-block-spacer\"><\/div>\n\n\n\n<hr class=\"wp-block-separator has-alpha-channel-opacity\"\/>\n\n\n\n<p class=\"has-text-align-center\"><em><a href=\"https:\/\/oma.skoletjenesten.no\/?p=1094\" data-type=\"link\" data-id=\"https:\/\/oma.skoletjenesten.no\/?p=1094\">Til innholdsliste for denne utgaven<\/a><\/em><\/p>\n\n\n\n<p><\/p>\n","protected":false},"excerpt":{"rendered":"<p>Denne spalten het tidligere Alternative fakta, som fortsatt er kategori-betegnelsen. I Alternative fakta l\u00e5 vekten ofte mer p\u00e5 det alternative enn p\u00e5 fakta. Her i Virtuell virkelighet kan vekten&nbsp; ligge mer p\u00e5 det virtuelle enn p\u00e5 virkeligheten. Navneskiftet ble forklart i siste utgave av Alternative fakta 15. januar 2021. Vv 1: Ministerprat. Arbeids- og integreringsminister&hellip; <a class=\"more-link\" href=\"https:\/\/oma.skoletjenesten.no\/?p=1106\">Fortsett \u00e5 lese <span class=\"screen-reader-text\">Virtuell virkelighet 51\/24<\/span><\/a><\/p>\n","protected":false},"author":1,"featured_media":0,"comment_status":"open","ping_status":"open","sticky":false,"template":"","format":"standard","meta":{"footnotes":""},"categories":[11],"tags":[],"class_list":["post-1106","post","type-post","status-publish","format-standard","hentry","category-alternative-fakta","entry"],"_links":{"self":[{"href":"https:\/\/oma.skoletjenesten.no\/index.php?rest_route=\/wp\/v2\/posts\/1106","targetHints":{"allow":["GET"]}}],"collection":[{"href":"https:\/\/oma.skoletjenesten.no\/index.php?rest_route=\/wp\/v2\/posts"}],"about":[{"href":"https:\/\/oma.skoletjenesten.no\/index.php?rest_route=\/wp\/v2\/types\/post"}],"author":[{"embeddable":true,"href":"https:\/\/oma.skoletjenesten.no\/index.php?rest_route=\/wp\/v2\/users\/1"}],"replies":[{"embeddable":true,"href":"https:\/\/oma.skoletjenesten.no\/index.php?rest_route=%2Fwp%2Fv2%2Fcomments&post=1106"}],"version-history":[{"count":3,"href":"https:\/\/oma.skoletjenesten.no\/index.php?rest_route=\/wp\/v2\/posts\/1106\/revisions"}],"predecessor-version":[{"id":1138,"href":"https:\/\/oma.skoletjenesten.no\/index.php?rest_route=\/wp\/v2\/posts\/1106\/revisions\/1138"}],"wp:attachment":[{"href":"https:\/\/oma.skoletjenesten.no\/index.php?rest_route=%2Fwp%2Fv2%2Fmedia&parent=1106"}],"wp:term":[{"taxonomy":"category","embeddable":true,"href":"https:\/\/oma.skoletjenesten.no\/index.php?rest_route=%2Fwp%2Fv2%2Fcategories&post=1106"},{"taxonomy":"post_tag","embeddable":true,"href":"https:\/\/oma.skoletjenesten.no\/index.php?rest_route=%2Fwp%2Fv2%2Ftags&post=1106"}],"curies":[{"name":"wp","href":"https:\/\/api.w.org\/{rel}","templated":true}]}}