{"id":1102,"date":"2024-12-27T10:02:05","date_gmt":"2024-12-27T10:02:05","guid":{"rendered":"https:\/\/oma.skoletjenesten.no\/?p=1102"},"modified":"2024-12-28T10:54:48","modified_gmt":"2024-12-28T10:54:48","slug":"trikk","status":"publish","type":"post","link":"https:\/\/oma.skoletjenesten.no\/?p=1102","title":{"rendered":"Trikk"},"content":{"rendered":"<div class=\"wp-block-image\">\n<figure class=\"alignright size-full\"><img loading=\"lazy\" decoding=\"async\" width=\"1000\" height=\"562\" src=\"https:\/\/oma.skoletjenesten.no\/wp-content\/uploads\/2024\/12\/epletrikk_JobPRzTJ-pjqXdq6V1B_9ww8gis6TSag6iZBpYicOf2Q.webp\" alt=\"\" class=\"wp-image-1103\" srcset=\"https:\/\/oma.skoletjenesten.no\/wp-content\/uploads\/2024\/12\/epletrikk_JobPRzTJ-pjqXdq6V1B_9ww8gis6TSag6iZBpYicOf2Q.webp 1000w, https:\/\/oma.skoletjenesten.no\/wp-content\/uploads\/2024\/12\/epletrikk_JobPRzTJ-pjqXdq6V1B_9ww8gis6TSag6iZBpYicOf2Q-300x169.webp 300w, https:\/\/oma.skoletjenesten.no\/wp-content\/uploads\/2024\/12\/epletrikk_JobPRzTJ-pjqXdq6V1B_9ww8gis6TSag6iZBpYicOf2Q-768x432.webp 768w\" sizes=\"auto, (max-width: 1000px) 100vw, 1000px\" \/><figcaption class=\"wp-element-caption\">Eplebutikken selger mac og andre Apple-produkter.<\/figcaption><\/figure>\n<\/div>\n\n\n<p>Det sies at forholdet mellom brukere av mac og PC er omtrent som forholdet mellom sunni- og shia-muslimer. Bloggeren er PC-bruker, men ville aldri finne p\u00e5 \u00e5 rasere en mac-butikk slik det skjedde i Oslo sentrum i slutten av oktober.<\/p>\n\n\n\n<p>Etterforskningen av <a href=\"http:\/\/torgeirs-tanker.skoletjenesten.no\/wp-content\/uploads\/2024\/12\/Trikk_Aftenposten%2016.%20november%202024.pdf\" data-type=\"link\" data-id=\"ftp:\/\/onemanarmy@ftpcluster.loopia.se\/torgeirs-tanker.skoletjenesten.no\/public_html\/wp-content\/uploads\/2024\/12\/Trikk_Aftenposten%2016.%20november%202024.pdf\" target=\"_blank\" rel=\"noreferrer noopener\">hendelsen<\/a> er henlagt av politiet fordi trikkeavsporingen skyldtes akutt sykdom hos f\u00f8reren. Det b\u00f8r nok likevel unders\u00f8kes hvilken side i datastriden mellom mac og PC trikkef\u00f8reren sympatiserer med \u2013 eier han f. eks. en iPhone?<\/p>\n\n\n<div class=\"wp-block-image\">\n<figure class=\"alignright size-full\"><a href=\"https:\/\/www.google.com\/search?client=opera&amp;hs=ksf&amp;sca_esv=0abcab0091fd1269&amp;sxsrf=ADLYWIISq03HajpDnMM0VlVUdLXLq_ttcA:1735250406881&amp;q=trolleybuss&amp;udm=7&amp;fbs=AEQNm0A6bwEop21ehxKWq5cj-cHa02QUie7apaStVTrDAEoT1NCM047TZoIfJjd4SeYFX1TIVTKyVfeUQL54hsKFzZ4w4ycCip59MGMSLSjga7F8g8BRb226XIvr59MzbZTgtTwJDQ-NM5ttgb1gOxYim6FC2JjRJbiAPQzjstym8aKbSfIFhpA3rTtFEqzzKmzsXRwSCHka&amp;sa=X&amp;ved=2ahUKEwjvwuTAt8aKAxX1GBAIHUroKFcQtKgLegQIEBAB&amp;biw=1173&amp;bih=660&amp;dpr=1.38#fpstate=ive&amp;vld=cid:28c91735,vid:wsa1SPFT31k,st:0\" target=\"_blank\" rel=\" noreferrer noopener\"><img loading=\"lazy\" decoding=\"async\" width=\"900\" height=\"675\" src=\"https:\/\/oma.skoletjenesten.no\/wp-content\/uploads\/2024\/12\/Trolleybuss_standard_compressed_900096.jpg\" alt=\"\" class=\"wp-image-1104\" srcset=\"https:\/\/oma.skoletjenesten.no\/wp-content\/uploads\/2024\/12\/Trolleybuss_standard_compressed_900096.jpg 900w, https:\/\/oma.skoletjenesten.no\/wp-content\/uploads\/2024\/12\/Trolleybuss_standard_compressed_900096-300x225.jpg 300w, https:\/\/oma.skoletjenesten.no\/wp-content\/uploads\/2024\/12\/Trolleybuss_standard_compressed_900096-768x576.jpg 768w\" sizes=\"auto, (max-width: 900px) 100vw, 900px\" \/><\/a><figcaption class=\"wp-element-caption\">Oslo sporveiers siste trolleybuss. Klikk p\u00e5  bildet for \u00e5 se mer om trollebuss. <\/figcaption><\/figure>\n<\/div>\n\n\n<p>N\u00e5r trikken s\u00e5 presist kunne treffe Eplebutikken (som selger mac-utstyr), er det grunn til \u00e5 sp\u00f8rre om hensikten med alle trikkeskinnene i byen. Kunne disse sporvognene (som \u00e5penbart klarer seg uten spor) like gjerne v\u00e6rt utstyrt med gummihjul og blitt kj\u00f8rt som forrige \u00e5rhundres trolleybusser? Det var en fleksibel l\u00f8sning for persontransport innenbys.<\/p>\n\n\n\n<p>Jan Erik Vold har og Thorbj\u00f8rn Egner hadde erfaringer med Kampen-trikken fra hver sin kant av byen. Bloggeren har ogs\u00e5 reist med trikk til Kampen, der mormor bodde, men har ikke noe bevisst minne om det. Han husker derimot en p\u00e5begynt trikkereise til Kjels\u00e5s som liten gutt sammen med mormor. Underveis m\u00e5tte den lille gutten tisse, s\u00e5 reisen ble avbrutt, og er siden ikke gjenopptatt. Men her er Egners, Volds og Nilsens respektive bidrag om Oslotrikken:<\/p>\n\n\n\n<div class=\"wp-block-columns is-layout-flex wp-container-core-columns-is-layout-9d6595d7 wp-block-columns-is-layout-flex\">\n<div class=\"wp-block-column is-layout-flow wp-block-column-is-layout-flow\">\n<figure class=\"wp-block-embed is-type-video is-provider-youtube wp-block-embed-youtube wp-embed-aspect-16-9 wp-has-aspect-ratio\"><div class=\"wp-block-embed__wrapper\">\n<iframe loading=\"lazy\" title=\"Trikkevisa - utdrag fra Folk og r\u00f8vere i Kardemomme by\" width=\"750\" height=\"422\" src=\"https:\/\/www.youtube.com\/embed\/xqQfkH7AMLs?feature=oembed\" frameborder=\"0\" allow=\"accelerometer; autoplay; clipboard-write; encrypted-media; gyroscope; picture-in-picture; web-share\" referrerpolicy=\"strict-origin-when-cross-origin\" allowfullscreen><\/iframe>\n<\/div><figcaption class=\"wp-element-caption\">Torbj\u00f8rn Egner bodde p\u00e5 Kampen, og Kampen-trikken kan ha v\u00e6rt inspirasjon for sangen om trikkef\u00f8rer Syversen.<\/figcaption><\/figure>\n<\/div>\n\n\n\n<div class=\"wp-block-column is-layout-flow wp-block-column-is-layout-flow\">\n<figure class=\"wp-block-embed is-type-video is-provider-youtube wp-block-embed-youtube wp-embed-aspect-4-3 wp-has-aspect-ratio\"><div class=\"wp-block-embed__wrapper\">\n<iframe loading=\"lazy\" title=\"Jan Erik Vold: Trikken Er Et \u00d8ye Som G\u00e5r P\u00e5 Skinner\" width=\"750\" height=\"563\" src=\"https:\/\/www.youtube.com\/embed\/f1IvZm-dvY8?list=OLAK5uy_nTdqQAJKwLPfBADqQH-D_AJrCMFjfcI9E\" frameborder=\"0\" allow=\"accelerometer; autoplay; clipboard-write; encrypted-media; gyroscope; picture-in-picture; web-share\" referrerpolicy=\"strict-origin-when-cross-origin\" allowfullscreen><\/iframe>\n<\/div><figcaption class=\"wp-element-caption\">Jan Erik Vold har flere dikt om trikken. Mest kjent er nok <em><a href=\"http:\/\/torgeirs-tanker.skoletjenesten.no\/\/wp-content\/uploads\/2024\/12\/Trikkeskinnediktet_JanErikVold.jpg\" data-type=\"link\" data-id=\"ftp:\/\/onemanarmy@ftpcluster.loopia.se\/torgeirs-tanker.skoletjenesten.no\/public_html\/wp-content\/uploads\/2024\/12\/Trikkeskinnediktet_JanErikVold.jpg\" target=\"_blank\" rel=\"noreferrer noopener\">Trikkeski<\/a><a href=\"http:\/\/torgeirs-tanker.skoletjenesten.no\/wp-content\/uploads\/2024\/12\/Trikkeskinnediktet_JanErikVold.jpg\" data-type=\"link\" data-id=\"ftp:\/\/onemanarmy@ftpcluster.loopia.se\/torgeirs-tanker.skoletjenesten.no\/public_html\/wp-content\/uploads\/2024\/12\/Trikkeskinnediktet_JanErikVold.jpg\" target=\"_blank\" rel=\"noreferrer noopener\">n<\/a><a href=\"http:\/\/torgeirs-tanker.skoletjenesten.no\/wp-content\/uploads\/2024\/12\/Trikkeskinnediktet_JanErikVold.jpg\" data-type=\"link\" data-id=\"http:\/\/torgeirs-tanker.skoletjenesten.no\/wp-content\/uploads\/2024\/12\/Trikkeskinnediktet_JanErikVold.jpg\" target=\"_blank\" rel=\"noreferrer noopener\">nediktet<\/a><\/em>, som p\u00e5 nett bare finnes i en ufullstendig innspilling. <em>Trikken er et \u00f8ye<\/em> fremf\u00f8res med musikkf\u00f8lge av bl. a. Egil Kapstad.<\/figcaption><\/figure>\n<\/div>\n\n\n\n<div class=\"wp-block-column is-layout-flow wp-block-column-is-layout-flow\">\n<figure class=\"wp-block-embed is-type-video is-provider-youtube wp-block-embed-youtube wp-embed-aspect-16-9 wp-has-aspect-ratio\"><div class=\"wp-block-embed__wrapper\">\n<iframe loading=\"lazy\" title=\"Arvid Nilssen - Bare D\u00f8tt P\u00e5\" width=\"750\" height=\"422\" src=\"https:\/\/www.youtube.com\/embed\/YAKW2DX0x0E?feature=oembed\" frameborder=\"0\" allow=\"accelerometer; autoplay; clipboard-write; encrypted-media; gyroscope; picture-in-picture; web-share\" referrerpolicy=\"strict-origin-when-cross-origin\" allowfullscreen><\/iframe>\n<\/div><figcaption class=\"wp-element-caption\">Arvid Nilsens revyvise <em>Bare tr\u00f8kk p\u00e5!<\/em> er fra 1942. Da var privatbilisme uaktuelt, og trikkene var overfylte.<\/figcaption><\/figure>\n<\/div>\n<\/div>\n\n\n\n<hr class=\"wp-block-separator has-alpha-channel-opacity\"\/>\n\n\n\n<p class=\"has-text-align-center\"><em><a href=\"https:\/\/oma.skoletjenesten.no\/?p=1094\" data-type=\"link\" data-id=\"https:\/\/oma.skoletjenesten.no\/?p=1094\">Til innholdsliste for denne utgaven<\/a><\/em><\/p>\n\n\n\n<p><\/p>\n","protected":false},"excerpt":{"rendered":"<p>Det sies at forholdet mellom brukere av mac og PC er omtrent som forholdet mellom sunni- og shia-muslimer. Bloggeren er PC-bruker, men ville aldri finne p\u00e5 \u00e5 rasere en mac-butikk slik det skjedde i Oslo sentrum i slutten av oktober. Etterforskningen av hendelsen er henlagt av politiet fordi trikkeavsporingen skyldtes akutt sykdom hos f\u00f8reren. Det&hellip; <a class=\"more-link\" href=\"https:\/\/oma.skoletjenesten.no\/?p=1102\">Fortsett \u00e5 lese <span class=\"screen-reader-text\">Trikk<\/span><\/a><\/p>\n","protected":false},"author":1,"featured_media":0,"comment_status":"open","ping_status":"open","sticky":false,"template":"","format":"standard","meta":{"footnotes":""},"categories":[1],"tags":[],"class_list":["post-1102","post","type-post","status-publish","format-standard","hentry","category-uncategorized","entry"],"_links":{"self":[{"href":"https:\/\/oma.skoletjenesten.no\/index.php?rest_route=\/wp\/v2\/posts\/1102","targetHints":{"allow":["GET"]}}],"collection":[{"href":"https:\/\/oma.skoletjenesten.no\/index.php?rest_route=\/wp\/v2\/posts"}],"about":[{"href":"https:\/\/oma.skoletjenesten.no\/index.php?rest_route=\/wp\/v2\/types\/post"}],"author":[{"embeddable":true,"href":"https:\/\/oma.skoletjenesten.no\/index.php?rest_route=\/wp\/v2\/users\/1"}],"replies":[{"embeddable":true,"href":"https:\/\/oma.skoletjenesten.no\/index.php?rest_route=%2Fwp%2Fv2%2Fcomments&post=1102"}],"version-history":[{"count":7,"href":"https:\/\/oma.skoletjenesten.no\/index.php?rest_route=\/wp\/v2\/posts\/1102\/revisions"}],"predecessor-version":[{"id":1136,"href":"https:\/\/oma.skoletjenesten.no\/index.php?rest_route=\/wp\/v2\/posts\/1102\/revisions\/1136"}],"wp:attachment":[{"href":"https:\/\/oma.skoletjenesten.no\/index.php?rest_route=%2Fwp%2Fv2%2Fmedia&parent=1102"}],"wp:term":[{"taxonomy":"category","embeddable":true,"href":"https:\/\/oma.skoletjenesten.no\/index.php?rest_route=%2Fwp%2Fv2%2Fcategories&post=1102"},{"taxonomy":"post_tag","embeddable":true,"href":"https:\/\/oma.skoletjenesten.no\/index.php?rest_route=%2Fwp%2Fv2%2Ftags&post=1102"}],"curies":[{"name":"wp","href":"https:\/\/api.w.org\/{rel}","templated":true}]}}