{"id":1040,"date":"2024-12-20T10:00:30","date_gmt":"2024-12-20T10:00:30","guid":{"rendered":"https:\/\/oma.skoletjenesten.no\/?p=1040"},"modified":"2024-12-20T18:51:58","modified_gmt":"2024-12-20T18:51:58","slug":"virtuell-virkelighet-50-24","status":"publish","type":"post","link":"https:\/\/oma.skoletjenesten.no\/?p=1040","title":{"rendered":"Virtuell virkelighet 50\/24"},"content":{"rendered":"\n<p><small>Denne spalten het tidligere <em>Alternative fakta<\/em>, som fortsatt er kategori-betegnelsen. I<em> Alternative fakta<\/em> l\u00e5 vekten ofte mer p\u00e5 det alternative enn p\u00e5 fakta. Her i <em>Virtuell virkelighet<\/em> kan vekten&nbsp; ligge mer p\u00e5 det virtuelle enn p\u00e5 virkeligheten.<\/small><\/p>\n\n\n\n<p><small>Navneskiftet ble forklart i <a href=\"http:\/\/ttt.skoletjenesten.no\/alternative-fakta-3-21\/\" target=\"_blank\" rel=\"noreferrer noopener\">siste utgave av Alternative fakta 15. januar 2021<\/a>.<\/small><\/p>\n\n\n\n<hr class=\"wp-block-separator has-alpha-channel-opacity\"\/>\n\n\n\n<p><strong><em>Vv 1: Publiseringsfeil.<\/em><\/strong> Sist fredag ettermiddag\/kveld ble bloggen ikke publisert som den skulle. \u00c5rsaken var enkelt forklart at bloggeren glemte \u00e5 trykke p\u00e5 den siste knappen for publisering. Da dette omsider var gjort, fikk abonnentene en ekstra melding. Feilen kommer neppe til \u00e5 gjenta seg i dag, og statistisk sett blir det lenge til neste gang.<\/p>\n\n\n\n<p><a href=\"mailto:ttt@skoletjenesten.no?cc=&amp;bcc=&amp;subject=Vv%201\/50&amp;amptarget=\"><em>Kommenter denne notisen<\/em><\/a><\/p>\n\n\n\n<p class=\"has-text-align-center\">\u058e\u058e\u058e<\/p>\n\n\n<div class=\"wp-block-image is-style-twentytwentyone-border\">\n<figure class=\"alignright size-large\"><a href=\"https:\/\/oma.skoletjenesten.no\/wp-content\/uploads\/2024\/12\/10_IMG_20241202_164029793-scaled.jpg\" target=\"_blank\" rel=\" noreferrer noopener\"><img loading=\"lazy\" decoding=\"async\" width=\"1024\" height=\"768\" src=\"https:\/\/oma.skoletjenesten.no\/wp-content\/uploads\/2024\/12\/10_IMG_20241202_164029793-1024x768.jpg\" alt=\"\" class=\"wp-image-1048\" srcset=\"https:\/\/oma.skoletjenesten.no\/wp-content\/uploads\/2024\/12\/10_IMG_20241202_164029793-1024x768.jpg 1024w, https:\/\/oma.skoletjenesten.no\/wp-content\/uploads\/2024\/12\/10_IMG_20241202_164029793-300x225.jpg 300w, https:\/\/oma.skoletjenesten.no\/wp-content\/uploads\/2024\/12\/10_IMG_20241202_164029793-768x576.jpg 768w, https:\/\/oma.skoletjenesten.no\/wp-content\/uploads\/2024\/12\/10_IMG_20241202_164029793-1536x1152.jpg 1536w, https:\/\/oma.skoletjenesten.no\/wp-content\/uploads\/2024\/12\/10_IMG_20241202_164029793-2048x1536.jpg 2048w, https:\/\/oma.skoletjenesten.no\/wp-content\/uploads\/2024\/12\/10_IMG_20241202_164029793-1568x1176.jpg 1568w\" sizes=\"auto, (max-width: 1024px) 100vw, 1024px\" \/><\/a><figcaption class=\"wp-element-caption\">Gamle Drammensvei ved Langset 2. desember 2024.<\/figcaption><\/figure>\n<\/div>\n\n\n<p><strong><em>Vv 2: K\u00f8.<\/em><\/strong> Gamle Drammensvei er en stille villavei med lite trafikk \u2013 kanskje s\u00e5 mye som \u00e9n bil i minuttet i \u00abrushtrafikken\u00bb om ettermiddagen. Forrige mandag var det, som bildet ved siden av viser, stillest\u00e5ende k\u00f8 de f\u00e5 hundre meterne fra Sandvika til Langset og muligens helt til Blommenholm. \u00c5rsaken var et steinsprang som stengte to av tre kj\u00f8refelt p\u00e5 E18 i retning Drammen. K\u00f8en fra E18 forplantet seg til alle sideveier. Slik trafikk har det ikke v\u00e6rt p\u00e5 Gamle Drammensvei siden den var omkj\u00f8ringsvei under utbyggingen av E18 langs Sandviksbukta. Bloggeren lurer p\u00e5 om det finnes beredskapsplaner for brannbil og ambulanse i slike situasjoner.<\/p>\n\n\n\n<p><a href=\"mailto:ttt@skoletjenesten.no?cc=&amp;bcc=&amp;subject=Vv%202\/50&amp;amptarget=\"><em>Kommenter denne notisen<\/em><\/a><\/p>\n\n\n\n<p class=\"has-text-align-center\">\u058e\u058e\u058e<\/p>\n\n\n<div class=\"wp-block-image is-style-twentytwentyone-border\">\n<figure class=\"alignright size-full\"><img loading=\"lazy\" decoding=\"async\" width=\"218\" height=\"247\" src=\"https:\/\/oma.skoletjenesten.no\/wp-content\/uploads\/2024\/12\/20_Tegning-gaate_Opera-Bilde_2024-03-04_121627_www.dagsdato.no_.jpg\" alt=\"\" class=\"wp-image-1044\"\/><\/figure>\n<\/div>\n\n\n<p><strong><em>Vv 3: Visuelt.<\/em><\/strong> De som leser denne bloggen, m\u00e5 n\u00f8dvendigvis ha god visuell forst\u00e5else. De har derfor neppe problemer med \u00e5 tolke tegningen ved siden av. Om noen tviler  p\u00e5 seg selv, kan de f\u00e5 svaret sitt bekreftet <a href=\"https:\/\/oma.skoletjenesten.no\/?page_id=1043\" target=\"_blank\" rel=\"noreferrer noopener\">her<\/a>.<\/p>\n\n\n\n<p><a href=\"mailto:ttt@skoletjenesten.no?cc=&amp;bcc=&amp;subject=Vv%203\/50&amp;amptarget=\"><em>Kommenter denne notisen<\/em><\/a><\/p>\n\n\n\n<p class=\"has-text-align-center\">\u058e\u058e\u058e<\/p>\n\n\n\n<p><strong><em>Vv 4: Julel\u00e5t?<\/em><\/strong> Bilaget til forrige ukes <em>Virtuell virkelighet<\/em> hadde et innlegg om <a href=\"https:\/\/oma.skoletjenesten.no\/?p=977\" data-type=\"link\" data-id=\"https:\/\/oma.skoletjenesten.no\/?p=977\" target=\"_blank\" rel=\"noreferrer noopener\">julemusikk<\/a>. Blogglesere som holder seg med spillelister med slik musikk, kan tilf\u00f8ye <em>River<\/em> av og med Joni Mitchell; h\u00f8r p\u00e5 begynnelsen:<\/p>\n\n\n\n<figure class=\"wp-block-embed is-type-video is-provider-youtube wp-block-embed-youtube wp-embed-aspect-16-9 wp-has-aspect-ratio\"><div class=\"wp-block-embed__wrapper\">\n<iframe loading=\"lazy\" title=\"Joni Mitchell - River (Official Music Video)\" width=\"750\" height=\"422\" src=\"https:\/\/www.youtube.com\/embed\/OLHxxBTl71I?feature=oembed\" frameborder=\"0\" allow=\"accelerometer; autoplay; clipboard-write; encrypted-media; gyroscope; picture-in-picture; web-share\" referrerpolicy=\"strict-origin-when-cross-origin\" allowfullscreen><\/iframe>\n<\/div><\/figure>\n\n\n\n<p><a href=\"mailto:ttt@skoletjenesten.no?cc=&amp;bcc=&amp;subject=Vv%204\/50&amp;amptarget=\"><em>Kommenter denne notisen<\/em><\/a><\/p>\n\n\n\n<p class=\"has-text-align-center\">\u058e\u058e\u058e<\/p>\n\n\n<div class=\"wp-block-image is-style-twentytwentyone-border\">\n<figure class=\"alignright size-full\"><img loading=\"lazy\" decoding=\"async\" width=\"809\" height=\"371\" src=\"https:\/\/oma.skoletjenesten.no\/wp-content\/uploads\/2024\/12\/50_Flagg_Aftenposten-14.-desember-2024.jpg\" alt=\"\" class=\"wp-image-1049\" srcset=\"https:\/\/oma.skoletjenesten.no\/wp-content\/uploads\/2024\/12\/50_Flagg_Aftenposten-14.-desember-2024.jpg 809w, https:\/\/oma.skoletjenesten.no\/wp-content\/uploads\/2024\/12\/50_Flagg_Aftenposten-14.-desember-2024-300x138.jpg 300w, https:\/\/oma.skoletjenesten.no\/wp-content\/uploads\/2024\/12\/50_Flagg_Aftenposten-14.-desember-2024-768x352.jpg 768w\" sizes=\"auto, (max-width: 809px) 100vw, 809px\" \/><figcaption class=\"wp-element-caption\">Aftenposten 14. desember 2024.<\/figcaption><\/figure>\n<\/div>\n\n\n<p><strong><em>Vv 5: M\u00e5lflagg?<\/em><\/strong> Bloggeren trodde at overskriften ved siden av handlet om bildet som viser en t-skjorte utformet som et norsk flagg. Norges Fotballforbund tror kanskje at det antrekket gir st\u00f8rre muligheter for m\u00e5l?<\/p>\n\n\n\n<p><a href=\"mailto:ttt@skoletjenesten.no?cc=&amp;bcc=&amp;subject=Vv%205\/50&amp;amptarget=\"><em>Kommenter denne notisen<\/em><\/a><\/p>\n\n\n\n<p class=\"has-text-align-center\">\u058e\u058e\u058e<\/p>\n\n\n<div class=\"wp-block-image is-style-twentytwentyone-border\">\n<figure class=\"alignright size-full\"><a href=\"https:\/\/oma.skoletjenesten.no\/wp-content\/uploads\/2024\/12\/60_Roedts-bystyre_Opera-Bilde_2024-12-17_193950_tv.nrk_.no_.png\" target=\"_blank\" rel=\" noreferrer noopener\"><img loading=\"lazy\" decoding=\"async\" width=\"391\" height=\"330\" src=\"https:\/\/oma.skoletjenesten.no\/wp-content\/uploads\/2024\/12\/60_Roedts-bystyre_Opera-Bilde_2024-12-17_193950_tv.nrk_.no_.png\" alt=\"\" class=\"wp-image-1050\" srcset=\"https:\/\/oma.skoletjenesten.no\/wp-content\/uploads\/2024\/12\/60_Roedts-bystyre_Opera-Bilde_2024-12-17_193950_tv.nrk_.no_.png 391w, https:\/\/oma.skoletjenesten.no\/wp-content\/uploads\/2024\/12\/60_Roedts-bystyre_Opera-Bilde_2024-12-17_193950_tv.nrk_.no_-300x253.png 300w\" sizes=\"auto, (max-width: 391px) 100vw, 391px\" \/><\/a><figcaption class=\"wp-element-caption\">Fra NRK Dagsrevyen 17. desember 2024.<\/figcaption><\/figure>\n<\/div>\n\n\n<p><strong><em>Vv 6: Bystyre.<\/em><\/strong> Har det v\u00e6rt \u00abv\u00e6pna revv&#8217;lusjon\u00bb uten at bloggeren har f\u00e5tt det med seg? If\u00f8lge den skattefinansierte TV-kanalen NRK har i hvert fall R\u00f8dt et eget bystyre i Oslo, slik teksten p\u00e5 bildet ved siden av av viser.<\/p>\n\n\n\n<p><a href=\"mailto:ttt@skoletjenesten.no?cc=&amp;bcc=&amp;subject=Vv%206\/50&amp;amptarget=\"><em>Kommenter denne notisen<\/em><\/a><\/p>\n\n\n\n<p class=\"has-text-align-center\">\u058e\u058e\u058e<\/p>\n\n\n\n<p><strong><em>Vv 7: Utenriks<\/em><\/strong>. Diktafonprogrammet som denne bloggen \u00abskrives\u00bb med, er ikke oppdatert p\u00e5 Midt\u00f8sten-politikk. N\u00e5r bloggeren dikterer <em>tostatsl\u00f8sning<\/em>, skriver programmet <em>torsdagsl\u00f8sning<\/em>. Ja, bare det blir en l\u00f8sning, s\u00e5 spiller det ingen rolle hvilken ukedag det skjer p\u00e5.<\/p>\n\n\n\n<p><a href=\"mailto:ttt@skoletjenesten.no?cc=&amp;bcc=&amp;subject=Vv%207\/50&amp;amptarget=\"><em>Kommenter denne notisen<\/em><\/a><\/p>\n\n\n\n<p class=\"has-text-align-center\">\u058e\u058e\u058e<\/p>\n\n\n<div class=\"wp-block-image is-style-twentytwentyone-border\">\n<figure class=\"alignright size-full\"><img loading=\"lazy\" decoding=\"async\" width=\"342\" height=\"381\" src=\"https:\/\/oma.skoletjenesten.no\/wp-content\/uploads\/2024\/12\/80_Juletrelys_1905-1220_Opera-Bilde_2024-12-15_165235_www.dagsdato.no_.png\" alt=\"\" class=\"wp-image-1051\" srcset=\"https:\/\/oma.skoletjenesten.no\/wp-content\/uploads\/2024\/12\/80_Juletrelys_1905-1220_Opera-Bilde_2024-12-15_165235_www.dagsdato.no_.png 342w, https:\/\/oma.skoletjenesten.no\/wp-content\/uploads\/2024\/12\/80_Juletrelys_1905-1220_Opera-Bilde_2024-12-15_165235_www.dagsdato.no_-269x300.png 269w\" sizes=\"auto, (max-width: 342px) 100vw, 342px\" \/><figcaption class=\"wp-element-caption\">Aftenposten 20. desember 1905<\/figcaption><\/figure>\n<\/div>\n\n\n<p><strong><em>Vv 8: Juletre-1<\/em>.<\/strong> Den ene gangen bloggeren har hatt juletre i huset, brukte han en forbedret utgave av den lyseholderen som er avbildet ved siden av. Stearinrester finnes fortsatt i skj\u00f8tene mellom gulvbordene. <\/p>\n\n\n\n<p>.<\/p>\n\n\n\n<p>.<\/p>\n\n\n\n<p><a href=\"mailto:ttt@skoletjenesten.no?cc=&amp;bcc=&amp;subject=Vv%208\/50&amp;amptarget=\"><em>Kommenter denne notisen<\/em><\/a><\/p>\n\n\n\n<p class=\"has-text-align-center\">\u058e\u058e\u058e<\/p>\n\n\n\n<p><strong>Vv 9: <strong>Juletre-2.<\/strong><\/strong> Vi som ikke har juletre i huset, bidrar til karbonfangst og -lagring. De som kj\u00f8per plastikk-juletre, har misforst\u00e5tt et eller annet.<\/p>\n\n\n\n<figure class=\"wp-block-image size-large is-style-twentytwentyone-border\"><img loading=\"lazy\" decoding=\"async\" width=\"1024\" height=\"355\" src=\"https:\/\/oma.skoletjenesten.no\/wp-content\/uploads\/2024\/12\/90_Juletre_Opera-Bilde_2024-06-26_211247_e-avis.aftenposten.no_-1024x355.png\" alt=\"\" class=\"wp-image-1052\" srcset=\"https:\/\/oma.skoletjenesten.no\/wp-content\/uploads\/2024\/12\/90_Juletre_Opera-Bilde_2024-06-26_211247_e-avis.aftenposten.no_-1024x355.png 1024w, https:\/\/oma.skoletjenesten.no\/wp-content\/uploads\/2024\/12\/90_Juletre_Opera-Bilde_2024-06-26_211247_e-avis.aftenposten.no_-300x104.png 300w, https:\/\/oma.skoletjenesten.no\/wp-content\/uploads\/2024\/12\/90_Juletre_Opera-Bilde_2024-06-26_211247_e-avis.aftenposten.no_-768x266.png 768w, https:\/\/oma.skoletjenesten.no\/wp-content\/uploads\/2024\/12\/90_Juletre_Opera-Bilde_2024-06-26_211247_e-avis.aftenposten.no_.png 1187w\" sizes=\"auto, (max-width: 1024px) 100vw, 1024px\" \/><\/figure>\n\n\n\n<figure class=\"wp-block-image size-large is-style-twentytwentyone-border\"><img loading=\"lazy\" decoding=\"async\" width=\"1024\" height=\"355\" src=\"https:\/\/oma.skoletjenesten.no\/wp-content\/uploads\/2024\/12\/90_Juletre-231206_Opera-Bilde_2024-06-30_131040_e-avis.aftenposten.no_-1024x355.png\" alt=\"\" class=\"wp-image-1053\" srcset=\"https:\/\/oma.skoletjenesten.no\/wp-content\/uploads\/2024\/12\/90_Juletre-231206_Opera-Bilde_2024-06-30_131040_e-avis.aftenposten.no_-1024x355.png 1024w, https:\/\/oma.skoletjenesten.no\/wp-content\/uploads\/2024\/12\/90_Juletre-231206_Opera-Bilde_2024-06-30_131040_e-avis.aftenposten.no_-300x104.png 300w, https:\/\/oma.skoletjenesten.no\/wp-content\/uploads\/2024\/12\/90_Juletre-231206_Opera-Bilde_2024-06-30_131040_e-avis.aftenposten.no_-768x266.png 768w, https:\/\/oma.skoletjenesten.no\/wp-content\/uploads\/2024\/12\/90_Juletre-231206_Opera-Bilde_2024-06-30_131040_e-avis.aftenposten.no_.png 1150w\" sizes=\"auto, (max-width: 1024px) 100vw, 1024px\" \/><\/figure>\n\n\n\n<p><a href=\"mailto:ttt@skoletjenesten.no?cc=&amp;bcc=&amp;subject=Vv%209\/50&amp;amptarget=\"><em>Kommenter denne notisen<\/em><\/a><\/p>\n\n\n\n<div style=\"height:100px\" aria-hidden=\"true\" class=\"wp-block-spacer\"><\/div>\n\n\n\n<hr class=\"wp-block-separator has-alpha-channel-opacity\"\/>\n\n\n\n<p class=\"has-text-align-center\"><em><a href=\"https:\/\/oma.skoletjenesten.no\/?p=1061&quot;\">Til innholdsliste for denne utgaven<\/a><\/em><\/p>\n","protected":false},"excerpt":{"rendered":"<p>Denne spalten het tidligere Alternative fakta, som fortsatt er kategori-betegnelsen. I Alternative fakta l\u00e5 vekten ofte mer p\u00e5 det alternative enn p\u00e5 fakta. Her i Virtuell virkelighet kan vekten&nbsp; ligge mer p\u00e5 det virtuelle enn p\u00e5 virkeligheten. Navneskiftet ble forklart i siste utgave av Alternative fakta 15. januar 2021. Vv 1: Publiseringsfeil. Sist fredag ettermiddag\/kveld&hellip; <a class=\"more-link\" href=\"https:\/\/oma.skoletjenesten.no\/?p=1040\">Fortsett \u00e5 lese <span class=\"screen-reader-text\">Virtuell virkelighet 50\/24<\/span><\/a><\/p>\n","protected":false},"author":1,"featured_media":0,"comment_status":"open","ping_status":"open","sticky":false,"template":"","format":"standard","meta":{"footnotes":""},"categories":[11],"tags":[],"class_list":["post-1040","post","type-post","status-publish","format-standard","hentry","category-alternative-fakta","entry"],"_links":{"self":[{"href":"https:\/\/oma.skoletjenesten.no\/index.php?rest_route=\/wp\/v2\/posts\/1040","targetHints":{"allow":["GET"]}}],"collection":[{"href":"https:\/\/oma.skoletjenesten.no\/index.php?rest_route=\/wp\/v2\/posts"}],"about":[{"href":"https:\/\/oma.skoletjenesten.no\/index.php?rest_route=\/wp\/v2\/types\/post"}],"author":[{"embeddable":true,"href":"https:\/\/oma.skoletjenesten.no\/index.php?rest_route=\/wp\/v2\/users\/1"}],"replies":[{"embeddable":true,"href":"https:\/\/oma.skoletjenesten.no\/index.php?rest_route=%2Fwp%2Fv2%2Fcomments&post=1040"}],"version-history":[{"count":8,"href":"https:\/\/oma.skoletjenesten.no\/index.php?rest_route=\/wp\/v2\/posts\/1040\/revisions"}],"predecessor-version":[{"id":1069,"href":"https:\/\/oma.skoletjenesten.no\/index.php?rest_route=\/wp\/v2\/posts\/1040\/revisions\/1069"}],"wp:attachment":[{"href":"https:\/\/oma.skoletjenesten.no\/index.php?rest_route=%2Fwp%2Fv2%2Fmedia&parent=1040"}],"wp:term":[{"taxonomy":"category","embeddable":true,"href":"https:\/\/oma.skoletjenesten.no\/index.php?rest_route=%2Fwp%2Fv2%2Fcategories&post=1040"},{"taxonomy":"post_tag","embeddable":true,"href":"https:\/\/oma.skoletjenesten.no\/index.php?rest_route=%2Fwp%2Fv2%2Ftags&post=1040"}],"curies":[{"name":"wp","href":"https:\/\/api.w.org\/{rel}","templated":true}]}}