{"id":1029,"date":"2024-12-20T10:02:40","date_gmt":"2024-12-20T10:02:40","guid":{"rendered":"https:\/\/oma.skoletjenesten.no\/?p=1029"},"modified":"2024-12-20T18:51:00","modified_gmt":"2024-12-20T18:51:00","slug":"gravlys-romanserie-og-film","status":"publish","type":"post","link":"https:\/\/oma.skoletjenesten.no\/?p=1029","title":{"rendered":"Gravlys, romanserie og film"},"content":{"rendered":"\n<p>Julaften g\u00e5r mange p\u00e5 kirkeg\u00e5rden for \u00e5 tenne gravlys. Jeg gj\u00f8r det i kveld, for mor d\u00f8de p\u00e5 dagens dato, 88 \u00e5r gammel. Mor fikk leddgikt omtrent da jeg begynte p\u00e5 skolen. Sykdommen forverret seg gradvis, og jeg har vokst opp med en mor som var uf\u00f8r. Jeg kan ikke huske at jeg noen gang h\u00f8rte mor klage over sin skjebne. Men jeg kan huske at hun kunne uttrykke seg ganske skarpt hvis hun satt i rullestol og noen spurte den som trillet rullestolen hva mor \u00f8nsket.<\/p>\n\n\n\n<p>S\u00e5 er det Linnas dag i dag. Ikke <a href=\"https:\/\/snl.no\/kakelinne\" data-type=\"link\" data-id=\"https:\/\/snl.no\/kakelinne\" target=\"_blank\" rel=\"noreferrer noopener\">kakelinna<\/a>, et v\u00e6rfenomen som ofte inntreffer p\u00e5 denne tiden av \u00e5ret, men f\u00f8dselsdagen til den finske forfatteren <a href=\"https:\/\/snl.no\/V\u00e4in\u00f6_Linna\" data-type=\"link\" data-id=\"https:\/\/snl.no\/V\u00e4in\u00f6_Linna\" target=\"_blank\" rel=\"noreferrer noopener\">V\u00e4in\u00f6 Linna<\/a> (1920-1992). Hans bokserie som p\u00e5 norsk ble kalt <em><a href=\"https:\/\/oma.skoletjenesten.no\/?page_id=1024\" data-type=\"link\" data-id=\"https:\/\/oma.skoletjenesten.no\/?page_id=1024\" target=\"_blank\" rel=\"noreferrer noopener\">Under polarstjernen<\/a><\/em>, er tilgjengelig p\u00e5 nasjonalbibliotekets nettsider. Det b\u00f8r v\u00e6re v\u00e6re lesestoff nok for den som f\u00e5r mye fritid i forbindelse med julen.<\/p>\n\n\n\n<p>For 77 \u00e5r siden i dag fikk Elvis Presley innkalling til milit\u00e6rtjeneste. Den avtjente han i Vest-Tyskland (se kort om <a href=\"https:\/\/oma.skoletjenesten.no\/?page_id=1031\" data-type=\"link\" data-id=\"https:\/\/oma.skoletjenesten.no\/?page_id=1031\" target=\"_blank\" rel=\"noreferrer noopener\">Tysklands deling<\/a> etter 2. verdenskrig). Tjenestetiden kan nok ligge bak Elvis Presleys film <em>G. I. Blues <\/em>(G. I. = ground infantry \/ general infantry \/ government issue \/ general issue, brukes i amerikansk sjargong om soldater), der <em>G. I. Blues<\/em> var et av musikkinnslagene. B\u00e5de filmen og musikken er tilgjengelig p\u00e5 nettet (nedenfor ). Og Elvis er som kjent <a href=\"https:\/\/www.nrk.no\/kultur\/elvis-lever-for-mange-1.6933309\" data-type=\"link\" data-id=\"https:\/\/www.nrk.no\/kultur\/elvis-lever-for-mange-1.6933309\" target=\"_blank\" rel=\"noreferrer noopener\">ikke d\u00f8d<\/a> &#8230;<\/p>\n\n\n\n<div class=\"wp-block-columns is-layout-flex wp-container-core-columns-is-layout-9d6595d7 wp-block-columns-is-layout-flex\">\n<div class=\"wp-block-column is-layout-flow wp-block-column-is-layout-flow\">\n<figure class=\"wp-block-image size-large\"><a href=\"https:\/\/www.dailymotion.com\/video\/x8jacd3\" target=\"_blank\" rel=\" noreferrer noopener\"><img loading=\"lazy\" decoding=\"async\" width=\"1024\" height=\"576\" src=\"https:\/\/oma.skoletjenesten.no\/wp-content\/uploads\/2024\/12\/GIBlues-plakatx720-1024x576.jpg\" alt=\"\" class=\"wp-image-1034\" srcset=\"https:\/\/oma.skoletjenesten.no\/wp-content\/uploads\/2024\/12\/GIBlues-plakatx720-1024x576.jpg 1024w, https:\/\/oma.skoletjenesten.no\/wp-content\/uploads\/2024\/12\/GIBlues-plakatx720-300x169.jpg 300w, https:\/\/oma.skoletjenesten.no\/wp-content\/uploads\/2024\/12\/GIBlues-plakatx720-768x432.jpg 768w, https:\/\/oma.skoletjenesten.no\/wp-content\/uploads\/2024\/12\/GIBlues-plakatx720.jpg 1280w\" sizes=\"auto, (max-width: 1024px) 100vw, 1024px\" \/><\/a><figcaption class=\"wp-element-caption\">Klikk og se <em>G. I. Blues<\/em> (1t. 44 min.)<\/figcaption><\/figure>\n<\/div>\n\n\n\n<div class=\"wp-block-column is-layout-flow wp-block-column-is-layout-flow\">\n<figure class=\"wp-block-embed is-type-video is-provider-youtube wp-block-embed-youtube wp-embed-aspect-4-3 wp-has-aspect-ratio\"><div class=\"wp-block-embed__wrapper\">\n<iframe loading=\"lazy\" title=\"Elvis Presley - G.I.Blues\" width=\"750\" height=\"563\" src=\"https:\/\/www.youtube.com\/embed\/JosUZjWUAkQ?feature=oembed\" frameborder=\"0\" allow=\"accelerometer; autoplay; clipboard-write; encrypted-media; gyroscope; picture-in-picture; web-share\" referrerpolicy=\"strict-origin-when-cross-origin\" allowfullscreen><\/iframe>\n<\/div><figcaption class=\"wp-element-caption\">H\u00f8r <em>G. I. Blues<\/em> (2 min. 30 sek.)<\/figcaption><\/figure>\n<\/div>\n<\/div>\n\n\n\n<p>Se ogs\u00e5 den forholdsvis ukjente Elvis-filmen <em><a href=\"http:\/\/torgeirs-tanker.skoletjenesten.no\/wp-content\/uploads\/2024\/12\/Simba-vil-inn_OK.mp4\" data-type=\"link\" data-id=\"http:\/\/torgeirs-tanker.skoletjenesten.no\/wp-content\/uploads\/2024\/12\/Simba-vil-inn_OK.mp4\" target=\"_blank\" rel=\"noreferrer noopener\">Simbas tanker om tilv\u00e6relsen<\/a><\/em> og\/eller les <em><a href=\"http:\/\/ttt.skoletjenesten.no\/bikini-burkini-og-mora-til-elvis\/\" data-type=\"link\" data-id=\"http:\/\/ttt.skoletjenesten.no\/bikini-burkini-og-mora-til-elvis\/\" target=\"_blank\" rel=\"noreferrer noopener\">Bikini burkini og mora til Elvis<\/a><\/em> fra juli 2019.<\/p>\n\n\n\n<div style=\"height:100px\" aria-hidden=\"true\" class=\"wp-block-spacer\"><\/div>\n\n\n\n<hr class=\"wp-block-separator has-alpha-channel-opacity\"\/>\n\n\n\n<p class=\"has-text-align-center\"><em><a href=\"https:\/\/oma.skoletjenesten.no\/?p=1061&quot;\">Til innholdsliste for denne utgaven<\/a><\/em><\/p>\n","protected":false},"excerpt":{"rendered":"<p>Julaften g\u00e5r mange p\u00e5 kirkeg\u00e5rden for \u00e5 tenne gravlys. Jeg gj\u00f8r det i kveld, for mor d\u00f8de p\u00e5 dagens dato, 88 \u00e5r gammel. Mor fikk leddgikt omtrent da jeg begynte p\u00e5 skolen. Sykdommen forverret seg gradvis, og jeg har vokst opp med en mor som var uf\u00f8r. Jeg kan ikke huske at jeg noen gang&hellip; <a class=\"more-link\" href=\"https:\/\/oma.skoletjenesten.no\/?p=1029\">Fortsett \u00e5 lese <span class=\"screen-reader-text\">Gravlys, romanserie og film<\/span><\/a><\/p>\n","protected":false},"author":1,"featured_media":0,"comment_status":"open","ping_status":"open","sticky":false,"template":"","format":"standard","meta":{"footnotes":""},"categories":[10],"tags":[],"class_list":["post-1029","post","type-post","status-publish","format-standard","hentry","category-dagen-i-dag","entry"],"_links":{"self":[{"href":"https:\/\/oma.skoletjenesten.no\/index.php?rest_route=\/wp\/v2\/posts\/1029","targetHints":{"allow":["GET"]}}],"collection":[{"href":"https:\/\/oma.skoletjenesten.no\/index.php?rest_route=\/wp\/v2\/posts"}],"about":[{"href":"https:\/\/oma.skoletjenesten.no\/index.php?rest_route=\/wp\/v2\/types\/post"}],"author":[{"embeddable":true,"href":"https:\/\/oma.skoletjenesten.no\/index.php?rest_route=\/wp\/v2\/users\/1"}],"replies":[{"embeddable":true,"href":"https:\/\/oma.skoletjenesten.no\/index.php?rest_route=%2Fwp%2Fv2%2Fcomments&post=1029"}],"version-history":[{"count":11,"href":"https:\/\/oma.skoletjenesten.no\/index.php?rest_route=\/wp\/v2\/posts\/1029\/revisions"}],"predecessor-version":[{"id":1064,"href":"https:\/\/oma.skoletjenesten.no\/index.php?rest_route=\/wp\/v2\/posts\/1029\/revisions\/1064"}],"wp:attachment":[{"href":"https:\/\/oma.skoletjenesten.no\/index.php?rest_route=%2Fwp%2Fv2%2Fmedia&parent=1029"}],"wp:term":[{"taxonomy":"category","embeddable":true,"href":"https:\/\/oma.skoletjenesten.no\/index.php?rest_route=%2Fwp%2Fv2%2Fcategories&post=1029"},{"taxonomy":"post_tag","embeddable":true,"href":"https:\/\/oma.skoletjenesten.no\/index.php?rest_route=%2Fwp%2Fv2%2Ftags&post=1029"}],"curies":[{"name":"wp","href":"https:\/\/api.w.org\/{rel}","templated":true}]}}